{"id":42280,"date":"2025-11-06T13:14:48","date_gmt":"2025-11-06T10:14:48","guid":{"rendered":"https:\/\/evreka.co\/?p=42280"},"modified":"2025-11-21T16:21:42","modified_gmt":"2025-11-21T13:21:42","slug":"atik-ayristirma-neden-dusundugunuzden-daha-onemli","status":"publish","type":"post","link":"https:\/\/evreka.co\/tr\/blog\/atik-ayristirma-neden-dusundugunuzden-daha-onemli\/","title":{"rendered":"At\u0131k Ayr\u0131\u015ft\u0131rma Neden D\u00fc\u015f\u00fcnd\u00fc\u011f\u00fcn\u00fczden Daha \u00d6nemli?"},"content":{"rendered":"\n<p>Bilim insanlar\u0131 her ge\u00e7en g\u00fcn artan at\u0131k miktar\u0131na dikkat \u00e7ekiyor ve do\u011fru at\u0131k y\u00f6netiminin \u00f6nemini vurguluyor.At\u0131k, farkl\u0131 t\u00fcrlerde ve \u00f6zelliklerde ortaya \u00e7\u0131kar \u2014 bu nedenle her biri farkl\u0131 y\u00f6ntemlerle ele al\u0131nmal\u0131d\u0131r. \u0130\u015fte bu y\u00fczden <strong>at\u0131k ayr\u0131\u015ft\u0131rma kavram\u0131n\u0131 anlamak<\/strong> ve <strong>do\u011fru bir \u015fekilde uygulamak<\/strong>, etkili bir at\u0131k y\u00f6netimi hedeflerine ula\u015fman\u0131n en kritik ad\u0131m\u0131d\u0131r.<\/p>\n\n\n\n<p><strong>At\u0131k ayr\u0131\u015ft\u0131rma s\u00fcreci<\/strong>, at\u0131klar\u0131n farkl\u0131 kategorilere ayr\u0131lmas\u0131yla ba\u015flar. Bu kategoriler, at\u0131\u011f\u0131n <strong>kendine \u00f6zg\u00fc \u00f6zelliklerine<\/strong> \u2014 yani biyolojik, fiziksel ve kimyasal yap\u0131s\u0131na \u2014 g\u00f6re belirlenir. At\u0131k t\u00fcr\u00fcn\u00fc do\u011fru tan\u0131mlamak, onu uygun bi\u00e7imde ayr\u0131\u015ft\u0131rman\u0131n <strong>en temel ad\u0131m\u0131d\u0131r.<\/strong><\/p>\n\n\n\n<h2 class=\"wp-block-heading\" id=\"atik-ayristirma-etkin-yonetimin-anahtari\">At\u0131k Ayr\u0131\u015ft\u0131rma: Etkin Y\u00f6netimin Anahtar\u0131<\/h2>\n\n\n\n<p>\u201c<strong>At\u0131k s\u0131n\u0131fland\u0131rma<\/strong>\u201d ve \u201c<strong>at\u0131k ayr\u0131\u015ft\u0131rma<\/strong>\u201d genellikle kar\u0131\u015ft\u0131r\u0131l\u0131r, ancak asl\u0131nda farkl\u0131 s\u00fcre\u00e7lerdir.<br>At\u0131k ayr\u0131\u015ft\u0131rma, at\u0131\u011f\u0131n <strong>kayna\u011f\u0131nda (\u00fcretildi\u011fi veya topland\u0131\u011f\u0131 noktada)<\/strong> do\u011fru kategoriye yerle\u015ftirilmesi anlam\u0131na gelir.<br>Bu kategoriler, at\u0131\u011f\u0131n \u00f6zelliklerine g\u00f6re a\u015fa\u011f\u0131daki gibi tan\u0131mlan\u0131r:<\/p>\n\n\n\n<ul class=\"wp-block-list\"><li><strong>Islak (Organik) At\u0131k:<\/strong> Biyolojik olarak par\u00e7alanabilir organik maddeler. \u00d6rnekler: g\u0131da at\u0131klar\u0131, pe\u00e7eteler, bah\u00e7e at\u0131klar\u0131, k\u00e2\u011f\u0131t havlular vb.<\/li><li><strong>Kuru At\u0131k:<\/strong> Geri d\u00f6n\u00fc\u015ft\u00fcr\u00fclebilir veya d\u00f6n\u00fc\u015ft\u00fcr\u00fclemeyen inorganik malzemeler. \u00d6rnekler: plastik, cam, k\u00e2\u011f\u0131t, tekstil, ah\u015fap vb.<\/li><li><strong>Hijyenik (Sanitasyon) At\u0131k:<\/strong> Kullan\u0131lm\u0131\u015f ped, tampon, kondom, hasta bezi, hijyenik havlu vb.<\/li><li><strong>E-At\u0131k:<\/strong> Kullan\u0131m \u00f6mr\u00fc bitmi\u015f elektrikli veya elektronik cihazlar. \u00d6rnekler: bilgisayarlar, televizyonlar, yaz\u0131c\u0131lar, fotokopi makineleri vb.<\/li><li><strong>Tehlikeli At\u0131k:<\/strong> Yan\u0131c\u0131, toksik, a\u015f\u0131nd\u0131r\u0131c\u0131 veya reaktif madde i\u00e7eren at\u0131klar.<\/li><li><strong>\u0130nert At\u0131k:<\/strong> Kimyasal veya biyolojik olarak tepkimeye girmeyen at\u0131k t\u00fcrleri.<\/li><\/ul>\n\n\n\n<figure class=\"wp-block-image size-large\"><img loading=\"lazy\" decoding=\"async\" width=\"1024\" height=\"683\" src=\"https:\/\/evreka.co\/wp-content\/uploads\/2022\/12\/little-caucasian-girl-seven-years-old-throwing-was-2022-11-12-02-54-41-utc-min-1024x683.jpg\" alt=\"waste segregation\" class=\"wp-image-39257\" srcset=\"https:\/\/evreka.co\/wp-content\/uploads\/2022\/12\/little-caucasian-girl-seven-years-old-throwing-was-2022-11-12-02-54-41-utc-min-1024x683.jpg 1024w, https:\/\/evreka.co\/wp-content\/uploads\/2022\/12\/little-caucasian-girl-seven-years-old-throwing-was-2022-11-12-02-54-41-utc-min-300x200.jpg 300w, https:\/\/evreka.co\/wp-content\/uploads\/2022\/12\/little-caucasian-girl-seven-years-old-throwing-was-2022-11-12-02-54-41-utc-min-768x512.jpg 768w, https:\/\/evreka.co\/wp-content\/uploads\/2022\/12\/little-caucasian-girl-seven-years-old-throwing-was-2022-11-12-02-54-41-utc-min-1536x1025.jpg 1536w, https:\/\/evreka.co\/wp-content\/uploads\/2022\/12\/little-caucasian-girl-seven-years-old-throwing-was-2022-11-12-02-54-41-utc-min-2048x1366.jpg 2048w, https:\/\/evreka.co\/wp-content\/uploads\/2022\/12\/little-caucasian-girl-seven-years-old-throwing-was-2022-11-12-02-54-41-utc-min-500x333.jpg 500w, https:\/\/evreka.co\/wp-content\/uploads\/2022\/12\/little-caucasian-girl-seven-years-old-throwing-was-2022-11-12-02-54-41-utc-min-800x534.jpg 800w\" sizes=\"auto, (max-width: 1024px) 100vw, 1024px\" \/><figcaption>at\u0131k ayr\u0131\u015ft\u0131rma <\/figcaption><\/figure>\n\n\n\n<h2 class=\"wp-block-heading\" id=\"waste-classification-is-the-key\"><strong>At\u0131k Ayr\u0131\u015ft\u0131rman\u0131n Faydalar\u0131<\/strong><\/h2>\n\n\n\n<p class=\"has-text-align-left\">Do\u011fru at\u0131k ayr\u0131\u015ft\u0131rma, <a href=\"https:\/\/evreka.co\/tr\/sektorler\/geri-donusum-merkezi\/\" target=\"_blank\" rel=\"noreferrer noopener\"><strong>geri d\u00f6n\u00fc\u015f\u00fcm<\/strong><\/a><strong>, yeniden kullan\u0131m ve geri kazan\u0131m s\u00fcre\u00e7lerinin verimlili\u011fini art\u0131r\u0131r.<\/strong><br>\u00d6rne\u011fin \u0131slak at\u0131\u011f\u0131n kuru at\u0131ktan ayr\u0131lmas\u0131, geri d\u00f6n\u00fc\u015f\u00fcm tesislerinin i\u015fini kolayla\u015ft\u0131r\u0131r. Bu sayede geri d\u00f6n\u00fc\u015ft\u00fcr\u00fclemeyen at\u0131klar daha az kar\u0131\u015f\u0131r, organik at\u0131klar do\u011frudan kompost veya enerji \u00fcretimi i\u00e7in i\u015flenebilir. Sonu\u00e7: <strong>daha az kirlilik, daha fazla kaynak verimlili\u011fi.<\/strong> Ayr\u0131ca, at\u0131k ayr\u0131\u015ft\u0131rma <strong>do\u011fal kaynaklar\u0131n korunmas\u0131n\u0131<\/strong> sa\u011flar ve <strong>gelecek nesiller i\u00e7in s\u00fcrd\u00fcr\u00fclebilir bir ya\u015fam alan\u0131<\/strong> b\u0131rak\u0131r. Ancak faydalar\u0131 bununla s\u0131n\u0131rl\u0131 de\u011fil.<\/p>\n\n\n\n<p>At\u0131k ayr\u0131\u015ft\u0131rma, \u00e7\u00f6p depolama alanlar\u0131na (landfill) giden at\u0131k miktar\u0131n\u0131 ciddi bi\u00e7imde azalt\u0131r. Artan n\u00fcfus ve t\u00fcketim al\u0131\u015fkanl\u0131klar\u0131yla birlikte bu alanlar h\u0131zla dolarken, <strong>ayr\u0131\u015ft\u0131rma i\u015flemi<\/strong> hem \u00e7evresel etkileri hem de sa\u011fl\u0131k risklerini azalt\u0131r.<\/p>\n\n\n\n<p>E\u011fer at\u0131klar <strong>ayr\u0131\u015ft\u0131r\u0131lmadan<\/strong> depolama alan\u0131na giderse, birbirine kar\u0131\u015fan kimyasallar ve gazlar b\u00fcy\u00fck risk olu\u015fturabilir. \u00d6rne\u011fin, ayr\u0131\u015ft\u0131r\u0131lmam\u0131\u015f at\u0131klardan yay\u0131lan <strong>metan ve karbondioksit<\/strong>, sera etkisini art\u0131rarak <strong>k\u00fcresel \u0131s\u0131nmay\u0131 h\u0131zland\u0131r\u0131r.<\/strong><\/p>\n\n\n\n<figure class=\"wp-block-image size-large\"><img loading=\"lazy\" decoding=\"async\" width=\"1024\" height=\"680\" src=\"https:\/\/evreka.co\/wp-content\/uploads\/2022\/12\/shutterstock_173497112-1-1024x680.jpg\" alt=\"waste segregation landfill\" class=\"wp-image-39260\" srcset=\"https:\/\/evreka.co\/wp-content\/uploads\/2022\/12\/shutterstock_173497112-1-1024x680.jpg 1024w, https:\/\/evreka.co\/wp-content\/uploads\/2022\/12\/shutterstock_173497112-1-300x199.jpg 300w, https:\/\/evreka.co\/wp-content\/uploads\/2022\/12\/shutterstock_173497112-1-768x510.jpg 768w, https:\/\/evreka.co\/wp-content\/uploads\/2022\/12\/shutterstock_173497112-1-1536x1020.jpg 1536w, https:\/\/evreka.co\/wp-content\/uploads\/2022\/12\/shutterstock_173497112-1-2048x1360.jpg 2048w, https:\/\/evreka.co\/wp-content\/uploads\/2022\/12\/shutterstock_173497112-1-500x332.jpg 500w, https:\/\/evreka.co\/wp-content\/uploads\/2022\/12\/shutterstock_173497112-1-800x531.jpg 800w\" sizes=\"auto, (max-width: 1024px) 100vw, 1024px\" \/><figcaption>at\u0131k ayr\u0131\u015ft\u0131rma<\/figcaption><\/figure>\n\n\n\n<h3 class=\"wp-block-heading\" id=\"atik-ayristirma-halk-sagligi-ve-toprak-verimliligi-icin-kritik\">At\u0131k Ayr\u0131\u015ft\u0131rma Halk Sa\u011fl\u0131\u011f\u0131 ve Toprak Verimlili\u011fi \u0130\u00e7in Kritik<\/h3>\n\n\n\n<p>Ayr\u0131\u015ft\u0131r\u0131lmadan at\u0131lan at\u0131klar, zamanla <strong>topra\u011fa ve yeralt\u0131 sular\u0131na zararl\u0131 maddelerin s\u0131zmas\u0131na<\/strong> neden olur. Bu durum, toprak verimlili\u011fini azalt\u0131r ve uzun vadede insan sa\u011fl\u0131\u011f\u0131n\u0131 tehdit eder.<\/p>\n\n\n\n<p>\u00d6zellikle <strong>tehlikeli at\u0131klar\u0131n<\/strong> di\u011fer t\u00fcrlerle kar\u0131\u015fmas\u0131, cilt rahats\u0131zl\u0131klar\u0131, solunum problemleri, b\u00fcy\u00fcme bozukluklar\u0131 gibi \u00e7e\u015fitli sa\u011fl\u0131k sorunlar\u0131na yol a\u00e7abilir.<br>At\u0131k ayr\u0131\u015ft\u0131rma ayn\u0131 zamanda <strong>at\u0131k toplay\u0131c\u0131lar\u0131 ve tesis \u00e7al\u0131\u015fanlar\u0131n\u0131n<\/strong> g\u00fcvenli\u011fi a\u00e7\u0131s\u0131ndan da hayati \u00f6neme sahiptir.<\/p>\n\n\n\n<figure class=\"wp-block-image size-large\"><img loading=\"lazy\" decoding=\"async\" width=\"1024\" height=\"576\" src=\"https:\/\/evreka.co\/wp-content\/uploads\/2022\/12\/woman-holding-red-bag-hazardous-waste-on-the-park-2022-10-04-19-25-44-utc-min-1024x576.jpg\" alt=\"hazardous waste segregation \" class=\"wp-image-39263\" srcset=\"https:\/\/evreka.co\/wp-content\/uploads\/2022\/12\/woman-holding-red-bag-hazardous-waste-on-the-park-2022-10-04-19-25-44-utc-min-1024x576.jpg 1024w, https:\/\/evreka.co\/wp-content\/uploads\/2022\/12\/woman-holding-red-bag-hazardous-waste-on-the-park-2022-10-04-19-25-44-utc-min-300x169.jpg 300w, https:\/\/evreka.co\/wp-content\/uploads\/2022\/12\/woman-holding-red-bag-hazardous-waste-on-the-park-2022-10-04-19-25-44-utc-min-768x432.jpg 768w, https:\/\/evreka.co\/wp-content\/uploads\/2022\/12\/woman-holding-red-bag-hazardous-waste-on-the-park-2022-10-04-19-25-44-utc-min-1536x864.jpg 1536w, https:\/\/evreka.co\/wp-content\/uploads\/2022\/12\/woman-holding-red-bag-hazardous-waste-on-the-park-2022-10-04-19-25-44-utc-min-2048x1152.jpg 2048w, https:\/\/evreka.co\/wp-content\/uploads\/2022\/12\/woman-holding-red-bag-hazardous-waste-on-the-park-2022-10-04-19-25-44-utc-min-500x281.jpg 500w, https:\/\/evreka.co\/wp-content\/uploads\/2022\/12\/woman-holding-red-bag-hazardous-waste-on-the-park-2022-10-04-19-25-44-utc-min-800x450.jpg 800w\" sizes=\"auto, (max-width: 1024px) 100vw, 1024px\" \/><figcaption>at\u0131k ayr\u0131\u015ft\u0131rma<\/figcaption><\/figure>\n\n\n\n<h3 class=\"wp-block-heading\" id=\"ekonomik-ve-cevreci-bir-yaklasim\">Ekonomik ve \u00c7evreci Bir Yakla\u015f\u0131m<\/h3>\n\n\n\n<p>It is becoming increasingly important for construction companies to have a waste management plan. Financial reasons are the main reason for segregating <strong><a href=\"https:\/\/evreka.co\/industries\/construction-and-demolition-industry\/\" target=\"_blank\" rel=\"noreferrer noopener\">construction waste<\/a><\/strong>. In the average construction business, 100 metric tones of waste are generated every year. The majority of this waste is sent to landfills, which are costly for businesses.\u00a0<\/p>\n\n\n\n<p>At\u0131k ayr\u0131\u015ft\u0131rma, sadece \u00e7evre i\u00e7in de\u011fil, <strong>i\u015fletmeler i\u00e7in de maliyet avantaj\u0131 sa\u011flar.<\/strong> \u00d6rne\u011fin<a href=\"https:\/\/evreka.co\/tr\/sektorler\/insaat-yikim-sektoru\/\" target=\"_blank\" rel=\"noreferrer noopener\"><strong> in\u015faat sekt\u00f6r\u00fcnde<\/strong><\/a>, ortalama bir firma y\u0131lda <strong>100 tonun \u00fczerinde at\u0131k<\/strong> \u00fcretir. Bu at\u0131klar\u0131n \u00e7o\u011fu do\u011frudan depolama sahalar\u0131na g\u00f6nderilir ve bu da ciddi maliyet olu\u015fturur. Oysa, at\u0131klar\u0131n t\u00fcrlerine g\u00f6re ayr\u0131\u015ft\u0131r\u0131lmas\u0131, hem <strong>geri d\u00f6n\u00fc\u015f\u00fcm verimini art\u0131r\u0131r<\/strong> hem de <strong>bertaraf giderlerini azalt\u0131r<\/strong>. B\u00f6ylece her proje, daha d\u00fc\u015f\u00fck maliyetle ve daha y\u00fcksek k\u00e2rl\u0131l\u0131kla tamamlanabilir.<\/p>\n\n\n\n<p>Sa\u011fl\u0131k sekt\u00f6r\u00fcnde ise, <strong>t\u0131bbi at\u0131k y\u00f6netiminin temel bile\u015feni<\/strong> ayr\u0131\u015ft\u0131rmad\u0131r. At\u0131klar\u0131n kayna\u011f\u0131nda ayr\u0131lmas\u0131, enfeksiyon riskini ve bertaraf maliyetlerini azalt\u0131r. Tehlikeli t\u0131bbi at\u0131klar\u0131n uygun renk ve etiketlere sahip kaplarda toplanmas\u0131, hem \u00e7al\u0131\u015fan g\u00fcvenli\u011fini sa\u011flar hem de s\u00fcrd\u00fcr\u00fclebilir sa\u011fl\u0131k sistemine katk\u0131da bulunur.<\/p>\n\n\n\n<figure class=\"wp-block-image size-large\"><img loading=\"lazy\" decoding=\"async\" width=\"1024\" height=\"683\" src=\"https:\/\/evreka.co\/wp-content\/uploads\/2022\/12\/female-hand-throwing-medical-mask-in-trash-can-at-2021-09-04-14-34-20-utc-min-1024x683.jpg\" alt=\"medical waste segregation\" class=\"wp-image-39266\" srcset=\"https:\/\/evreka.co\/wp-content\/uploads\/2022\/12\/female-hand-throwing-medical-mask-in-trash-can-at-2021-09-04-14-34-20-utc-min-1024x683.jpg 1024w, https:\/\/evreka.co\/wp-content\/uploads\/2022\/12\/female-hand-throwing-medical-mask-in-trash-can-at-2021-09-04-14-34-20-utc-min-300x200.jpg 300w, https:\/\/evreka.co\/wp-content\/uploads\/2022\/12\/female-hand-throwing-medical-mask-in-trash-can-at-2021-09-04-14-34-20-utc-min-768x512.jpg 768w, https:\/\/evreka.co\/wp-content\/uploads\/2022\/12\/female-hand-throwing-medical-mask-in-trash-can-at-2021-09-04-14-34-20-utc-min-1536x1024.jpg 1536w, https:\/\/evreka.co\/wp-content\/uploads\/2022\/12\/female-hand-throwing-medical-mask-in-trash-can-at-2021-09-04-14-34-20-utc-min-2048x1365.jpg 2048w, https:\/\/evreka.co\/wp-content\/uploads\/2022\/12\/female-hand-throwing-medical-mask-in-trash-can-at-2021-09-04-14-34-20-utc-min-500x333.jpg 500w, https:\/\/evreka.co\/wp-content\/uploads\/2022\/12\/female-hand-throwing-medical-mask-in-trash-can-at-2021-09-04-14-34-20-utc-min-800x533.jpg 800w\" sizes=\"auto, (max-width: 1024px) 100vw, 1024px\" \/><\/figure>\n\n\n\n<h2 class=\"wp-block-heading\" id=\"her-asamada-dijitallesme-evreka-ile-tanisin\">Her A\u015famada Dijitalle\u015fme: Evreka ile Tan\u0131\u015f\u0131n<\/h2>\n\n\n\n<p>At\u0131k ayr\u0131\u015ft\u0131rma, <strong>verimli bir at\u0131k y\u00f6netimi s\u00fcreciyle<\/strong> desteklendi\u011finde ger\u00e7ek de\u011ferini ortaya koyar.<br>Bill Gates\u2019in de dedi\u011fi gibi: \u201cBir i\u015fletmede kullan\u0131lan herhangi bir teknolojinin ilk kural\u0131 \u015fudur: Verimli bir s\u00fcrece uygulanan otomasyon verimlili\u011fi art\u0131r\u0131r; verimsiz bir s\u00fcrece uygulanan otomasyon ise verimsizli\u011fi b\u00fcy\u00fct\u00fcr.\u201d Tam da bu noktada, <a href=\"https:\/\/evreka.co\/tr\/\"><strong>Evreka<\/strong><\/a> devreye giriyor. Evreka, <a href=\"https:\/\/evreka.co\/tr\/evreka360\/\" target=\"_blank\" rel=\"noreferrer noopener\"><strong>u\u00e7tan uca dijital \u00e7\u00f6z\u00fcmleriyle<\/strong><\/a> t\u00fcm at\u0131k y\u00f6netim s\u00fcrecini <strong>\u00f6l\u00e7eklenebilir, izlenebilir ve tamamen otomatik<\/strong> hale getirir.<\/p>\n\n\n\n<p>Evreka\u2019n\u0131n <a href=\"https:\/\/evreka.co\/tr\/cozumler\/atik-toplama-tesisi-yonetimi\/\" target=\"_blank\" rel=\"noreferrer noopener\"><strong>MRF (Material Recovery Facility) Y\u00f6netim \u00c7\u00f6z\u00fcm\u00fc<\/strong><\/a>, geri d\u00f6n\u00fc\u015ft\u00fcr\u00fclebilir malzemelerin ak\u0131\u015f\u0131n\u0131 optimize eder ve t\u00fcm s\u00fcreci dijital olarak y\u00f6netir. Bu sayede hem \u00e7evresel hem de operasyonel verimlilik sa\u011flan\u0131r. Art\u0131k verimlilik bir zorluk de\u011fil \u2014 <strong>Evreka standartlar\u0131n\u0131n bir par\u00e7as\u0131.<\/strong> Evreka\u2019n\u0131n dijital \u00e7\u00f6z\u00fcmleri, d\u00fcnyan\u0131n d\u00f6rt bir yan\u0131ndaki kurumlar\u0131n <strong>at\u0131k operasyonlar\u0131nda y\u00fcksek performans<\/strong> elde etmesine yard\u0131mc\u0131 oluyor.<\/p>\n\n\n\n<a class=\"evreka_button\" href=\"https:\/\/evreka.co\/demo-request\/\"> Request Demo <\/a>\n\n\n\n<figure class=\"wp-block-pullquote\"><blockquote><p><strong>At\u0131k operasyonlar\u0131n\u0131zda deste\u011fe mi ihtiyac\u0131n\u0131z var?<\/strong><\/p><p>Hemen bizimle <strong><a href=\"https:\/\/evreka.co\/tr\/demo-talebi\/\" target=\"_blank\" rel=\"noreferrer noopener\">ileti\u015fime ge\u00e7in<\/a><\/strong> ve <strong>verimlilik yolculu\u011funuz i\u00e7in en uygun at\u0131k y\u00f6netimi \u00e7\u00f6z\u00fcmlerini<\/strong> birlikte konu\u015fal\u0131m.<\/p><\/blockquote><\/figure>\n","protected":false},"excerpt":{"rendered":"<p>Bilim insanlar\u0131 her ge\u00e7en g\u00fcn artan at\u0131k miktar\u0131na dikkat \u00e7ekiyor ve do\u011fru at\u0131k y\u00f6netiminin \u00f6nemini vurguluyor.At\u0131k, farkl\u0131 t\u00fcrlerde ve \u00f6zelliklerde ortaya \u00e7\u0131kar \u2014 bu nedenle her biri farkl\u0131 y\u00f6ntemlerle ele al\u0131nmal\u0131d\u0131r. \u0130\u015fte bu y\u00fczden at\u0131k ayr\u0131\u015ft\u0131rma kavram\u0131n\u0131 anlamak ve do\u011fru bir \u015fekilde uygulamak, etkili bir at\u0131k y\u00f6netimi hedeflerine ula\u015fman\u0131n en kritik ad\u0131m\u0131d\u0131r. At\u0131k ayr\u0131\u015ft\u0131rma s\u00fcreci, [&hellip;]<\/p>\n","protected":false},"author":37,"featured_media":40038,"comment_status":"closed","ping_status":"closed","sticky":false,"template":"","format":"standard","meta":{"content-type":"","om_disable_all_campaigns":false,"inline_featured_image":false,"_monsterinsights_skip_tracking":false,"_monsterinsights_sitenote_active":false,"_monsterinsights_sitenote_note":"","_monsterinsights_sitenote_category":0,"footnotes":""},"categories":[5],"tags":[],"class_list":["post-42280","post","type-post","status-publish","format-standard","has-post-thumbnail","hentry","category-genel"],"acf":[],"_links":{"self":[{"href":"https:\/\/evreka.co\/tr\/wp-json\/wp\/v2\/posts\/42280","targetHints":{"allow":["GET"]}}],"collection":[{"href":"https:\/\/evreka.co\/tr\/wp-json\/wp\/v2\/posts"}],"about":[{"href":"https:\/\/evreka.co\/tr\/wp-json\/wp\/v2\/types\/post"}],"author":[{"embeddable":true,"href":"https:\/\/evreka.co\/tr\/wp-json\/wp\/v2\/users\/37"}],"replies":[{"embeddable":true,"href":"https:\/\/evreka.co\/tr\/wp-json\/wp\/v2\/comments?post=42280"}],"version-history":[{"count":8,"href":"https:\/\/evreka.co\/tr\/wp-json\/wp\/v2\/posts\/42280\/revisions"}],"predecessor-version":[{"id":42298,"href":"https:\/\/evreka.co\/tr\/wp-json\/wp\/v2\/posts\/42280\/revisions\/42298"}],"wp:featuredmedia":[{"embeddable":true,"href":"https:\/\/evreka.co\/tr\/wp-json\/wp\/v2\/media\/40038"}],"wp:attachment":[{"href":"https:\/\/evreka.co\/tr\/wp-json\/wp\/v2\/media?parent=42280"}],"wp:term":[{"taxonomy":"category","embeddable":true,"href":"https:\/\/evreka.co\/tr\/wp-json\/wp\/v2\/categories?post=42280"},{"taxonomy":"post_tag","embeddable":true,"href":"https:\/\/evreka.co\/tr\/wp-json\/wp\/v2\/tags?post=42280"}],"curies":[{"name":"wp","href":"https:\/\/api.w.org\/{rel}","templated":true}]}}