{"id":39707,"date":"2023-03-13T14:25:16","date_gmt":"2023-03-13T11:25:16","guid":{"rendered":"https:\/\/evreka.co\/?p=39707"},"modified":"2023-03-15T18:18:35","modified_gmt":"2023-03-15T15:18:35","slug":"uretim-tesislerinde-dongusel-ekonomi-atik-ve-ham-madde-yonetimi","status":"publish","type":"post","link":"https:\/\/evreka.co\/tr\/blog\/uretim-tesislerinde-dongusel-ekonomi-atik-ve-ham-madde-yonetimi\/","title":{"rendered":"\u00dcretim Tesislerinde D\u00f6ng\u00fcsel Ekonomi: At\u0131k ve Ham Madde Y\u00f6netimi"},"content":{"rendered":"\n<p>G\u00fcn\u00fcm\u00fczde \u00fcretim tesislerinin d\u00f6ng\u00fcsel ekonomi ilkelerine uygun bir \u015fekilde i\u015fletilmesi, end\u00fcstri sekt\u00f6r\u00fcnde \u00f6ncelikli bir konu haline gelmi\u015ftir. D\u00f6ng\u00fcsel \u00fcretim, \u00fcr\u00fcnlerin ham madde a\u015famas\u0131ndan nihai \u00fcr\u00fcn a\u015famas\u0131na kadar s\u00fcrekli bir ak\u0131\u015f halinde ilerlemesi ile \u00fcretim s\u00fcrecinin kesintisiz devam etmesini sa\u011flar. At\u0131k y\u00f6netiminin bu s\u00fcrece dahil edilmesi \u00e7evresel s\u00fcrd\u00fcr\u00fclebilirli\u011fe katk\u0131 sa\u011flayarak i\u015fletmelerin do\u011fal kaynaklara olan ba\u011f\u0131ml\u0131l\u0131\u011f\u0131n\u0131 azalt\u0131r.<\/p>\n\n\n\n<p>D\u00f6ng\u00fcsel bir \u00fcretim sistemi, \u00fcretim ak\u0131\u015f\u0131n\u0131 optimize ederek verimlili\u011fi art\u0131r\u0131rken ayn\u0131 zamanda maliyetleri d\u00fc\u015f\u00fcr\u00fcr, kalite kontrol\u00fcn\u00fc kolayla\u015ft\u0131r\u0131r, esnekli\u011fi art\u0131r\u0131r ve marka itibar\u0131n\u0131 g\u00fc\u00e7lendirir.<\/p>\n\n\n\n<h2 class=\"wp-block-heading\" id=\"uretim-tesislerinde-atik-yonetimi\">\u00dcretim Tesislerinde At\u0131k Y\u00f6netimi<\/h2>\n\n\n\n<p>At\u0131k y\u00f6netimi, \u00fcretim tesislerinde yasal y\u00fck\u00fcml\u00fcl\u00fcklerin yerine getirilmesinin yan\u0131 s\u0131ra \u015firketler i\u00e7in maliyet tasarrufu ve s\u00fcrd\u00fcr\u00fclebilirlik a\u00e7\u0131s\u0131ndan da \u00e7ok \u00f6nemlidir. \u00dcretim tesislerinde etkili at\u0131k y\u00f6netimi, i\u015fletmelerin \u00e7evre koruma kanunlar\u0131na ve y\u00f6netmeliklerine uygunlu\u011funu sa\u011flar. Bu da \u015firketlerin yasal yapt\u0131r\u0131mlarla kar\u015f\u0131la\u015fmas\u0131n\u0131 ve itibar kayb\u0131 ya\u015famas\u0131n\u0131 \u00f6nler.&nbsp;<\/p>\n\n\n\n<p>Ayr\u0131ca, at\u0131k y\u00f6netimi do\u011fru \u015fekilde uyguland\u0131\u011f\u0131nda, i\u015fletmeler geri d\u00f6n\u00fc\u015ft\u00fcr\u00fclebilir at\u0131klar\u0131 yeniden kullanarak \u00fcretim s\u00fcre\u00e7lerinde kullanabilecekleri ham maddeler elde edebilirler. Bu da i\u015fletmelerin ham madde tedarikinde tasarruf etmelerine ve \u00fcretim maliyetlerini azaltmalar\u0131na olanak tan\u0131r.<\/p>\n\n\n\n<p>Etkili at\u0131k y\u00f6netimi i\u015fletmelerin s\u00fcrd\u00fcr\u00fclebilirlik hedeflerine ula\u015fmalar\u0131na da yard\u0131mc\u0131 olur. Biliyoruz ki \u015firketlerin, do\u011fal kaynaklar\u0131n a\u015f\u0131r\u0131 kullan\u0131m\u0131n\u0131 \u00f6nlemeye ve s\u00fcrd\u00fcr\u00fclebilir bir gelecek yaratmaya y\u00f6nelik taahh\u00fctleri vard\u0131r. Bu noktada s\u00fcrd\u00fcr\u00fclebilir at\u0131k y\u00f6netimi, do\u011fal kaynaklar\u0131n korunmas\u0131na yard\u0131mc\u0131 olur ve \u00e7evresel etkileri en aza indirerek gelecek nesillere ya\u015fanabilir bir d\u00fcnya b\u0131rak\u0131lmas\u0131n\u0131 sa\u011flar. Bu da \u015firketlerin, hem s\u00fcrd\u00fcr\u00fclebilir bir i\u015fletme modeli olu\u015fturmalar\u0131na imkan verir hem de \u015firketlere rekabet avantaj\u0131 sa\u011flar.<\/p>\n\n\n\n<figure class=\"wp-block-image size-large\"><img loading=\"lazy\" decoding=\"async\" width=\"1024\" height=\"683\" src=\"https:\/\/evreka.co\/wp-content\/uploads\/2023\/03\/shutterstock_1549880564-1-min-1024x683.jpg\" alt=\"at\u0131k y\u00f6netimi\" class=\"wp-image-39708\" srcset=\"https:\/\/evreka.co\/wp-content\/uploads\/2023\/03\/shutterstock_1549880564-1-min-1024x683.jpg 1024w, https:\/\/evreka.co\/wp-content\/uploads\/2023\/03\/shutterstock_1549880564-1-min-300x200.jpg 300w, https:\/\/evreka.co\/wp-content\/uploads\/2023\/03\/shutterstock_1549880564-1-min-768x512.jpg 768w, https:\/\/evreka.co\/wp-content\/uploads\/2023\/03\/shutterstock_1549880564-1-min-1536x1025.jpg 1536w, https:\/\/evreka.co\/wp-content\/uploads\/2023\/03\/shutterstock_1549880564-1-min-2048x1366.jpg 2048w, https:\/\/evreka.co\/wp-content\/uploads\/2023\/03\/shutterstock_1549880564-1-min-500x334.jpg 500w, https:\/\/evreka.co\/wp-content\/uploads\/2023\/03\/shutterstock_1549880564-1-min-800x534.jpg 800w\" sizes=\"auto, (max-width: 1024px) 100vw, 1024px\" \/><\/figure>\n\n\n\n<h2 class=\"wp-block-heading\" id=\"tedarik-zincirinde-ham-madde-yonetimi\">Tedarik Zincirinde Ham Madde Y\u00f6netimi<\/h2>\n\n\n\n<p>Bir\u00e7ok i\u015fletme, \u00fcretim tesislerinde ham madde y\u00f6netimine yeterince \u00f6nem vermedi\u011fi i\u00e7in y\u00fcksek maliyetler ve kaynak israf\u0131yla kar\u015f\u0131la\u015fabilir. Fakat bu sorunu a\u015fman\u0131n basit bir yolu var: etkili ham madde y\u00f6netimi. Bu y\u00f6ntem i\u015fletmelerin ham maddeleri stratejik bir \u015fekilde kullanmalar\u0131n\u0131 sa\u011flayarak kaynak israf\u0131n\u0131 \u00f6nler.&nbsp;<\/p>\n\n\n\n<p>Ham maddelerin stratejik kullan\u0131m\u0131 sadece i\u015fletmelere maliyet tasarrufu sa\u011flamakla kalmaz, ayn\u0131 zamanda \u00e7evre dostu bir yakla\u015f\u0131m benimseyerek s\u00fcrd\u00fcr\u00fclebilir bir i\u015fletme modeli olu\u015fturulmas\u0131na da imkan tan\u0131r.<\/p>\n\n\n\n<p>Etkili ham madde y\u00f6netimi, tedarik zincirinin daha g\u00fcvenli hale getirilmesine yard\u0131mc\u0131 olur. \u0130\u015fletmeler, ham maddelerin stoklar\u0131n\u0131n d\u00fczenli olarak takip edilmesi ve do\u011fru bir \u015fekilde y\u00f6netilmesiyle \u00fcretim s\u00fcrecinde olas\u0131 aksakl\u0131klar\u0131 \u00f6nleyebilirler. B\u00f6ylece, i\u015fletmelerin m\u00fc\u015fteri memnuniyeti ve sadakatini art\u0131rmas\u0131 ve rekabet avantaj\u0131 elde etmesi m\u00fcmk\u00fcn olur.<\/p>\n\n\n\n<figure class=\"wp-block-image size-large\"><img loading=\"lazy\" decoding=\"async\" width=\"1024\" height=\"684\" src=\"https:\/\/evreka.co\/wp-content\/uploads\/2023\/03\/in-warehouse-man-in-uniform-works-on-the-producti-2021-08-30-04-03-25-utc-min-1024x684.jpg\" alt=\"ham madde y\u00f6netimi\" class=\"wp-image-39711\" srcset=\"https:\/\/evreka.co\/wp-content\/uploads\/2023\/03\/in-warehouse-man-in-uniform-works-on-the-producti-2021-08-30-04-03-25-utc-min-1024x684.jpg 1024w, https:\/\/evreka.co\/wp-content\/uploads\/2023\/03\/in-warehouse-man-in-uniform-works-on-the-producti-2021-08-30-04-03-25-utc-min-300x200.jpg 300w, https:\/\/evreka.co\/wp-content\/uploads\/2023\/03\/in-warehouse-man-in-uniform-works-on-the-producti-2021-08-30-04-03-25-utc-min-768x513.jpg 768w, https:\/\/evreka.co\/wp-content\/uploads\/2023\/03\/in-warehouse-man-in-uniform-works-on-the-producti-2021-08-30-04-03-25-utc-min-1536x1026.jpg 1536w, https:\/\/evreka.co\/wp-content\/uploads\/2023\/03\/in-warehouse-man-in-uniform-works-on-the-producti-2021-08-30-04-03-25-utc-min-2048x1367.jpg 2048w, https:\/\/evreka.co\/wp-content\/uploads\/2023\/03\/in-warehouse-man-in-uniform-works-on-the-producti-2021-08-30-04-03-25-utc-min-500x334.jpg 500w, https:\/\/evreka.co\/wp-content\/uploads\/2023\/03\/in-warehouse-man-in-uniform-works-on-the-producti-2021-08-30-04-03-25-utc-min-800x534.jpg 800w\" sizes=\"auto, (max-width: 1024px) 100vw, 1024px\" \/><\/figure>\n\n\n\n<h2 class=\"wp-block-heading\" id=\"uretim-tesislerinde-dongusel-ekonomiye-gecis\">\u00dcretim Tesislerinde D\u00f6ng\u00fcsel Ekonomiye Ge\u00e7i\u015f<\/h2>\n\n\n\n<p>Etkili at\u0131k ve ham madde y\u00f6netimi, \u00fcretim tesisleri i\u00e7indeki d\u00f6ng\u00fcsellik a\u00e7\u0131s\u0131ndan hayati \u00f6neme sahiptir. \u00c7\u00fcnk\u00fc geri d\u00f6n\u00fc\u015ft\u00fcr\u00fclebilir at\u0131klar\u0131n geri kazan\u0131m\u0131 ve yeniden kullan\u0131m\u0131, \u00fcretim s\u00fcrecinde yeniden kullan\u0131labilecek ham maddelerin elde edilmesine yard\u0131mc\u0131 olur. Bu sayede, \u015firketler ham madde temininde tasarruf edebilir ve \u00fcretim maliyetlerini d\u00fc\u015f\u00fcrebilirler.<\/p>\n\n\n\n<p>Kaynaklar\u0131n t\u00fckenmesi ve k\u00fcresel n\u00fcfus art\u0131\u015f\u0131n\u0131n devam etmesiyle birlikte, \u00fcretim sekt\u00f6r\u00fc i\u00e7in ham madde temini giderek zorla\u015fmaktad\u0131r. Bu noktada, \u00fcretim tesislerinde d\u00f6ng\u00fcsel bir \u00fcretim modeli benimsemek s\u0131n\u0131rl\u0131 kaynaklar\u0131n daha verimli kullan\u0131lmas\u0131n\u0131 sa\u011flar ve ham madde teminindeki belirsizlikleri azalt\u0131r.<\/p>\n\n\n\n<p>D\u00f6ng\u00fcsel bir \u00fcretim modeli, ham madde fiyatlar\u0131ndaki dalgalanmalar\u0131n \u00fcretim \u015firketleri \u00fczerindeki etkisini etkisini azaltarak \u00fcretim maliyetlerini d\u00fc\u015f\u00fcrebilir. Ayr\u0131ca, ham maddelerin yeniden kullan\u0131m\u0131, yeni ham maddelerin elde edilmesi i\u00e7in gerekli olan kaynak ve enerji t\u00fcketimini de azaltabilir.<\/p>\n\n\n\n<p>Yukar\u0131da k\u0131saca bahsetti\u011fimiz gibi d\u00f6ng\u00fcsel bir \u00fcretim modeli, \u015firketler i\u00e7in bir\u00e7ok fayda sa\u011flar. Bu faydalar\u0131 \u015f\u00f6yle s\u0131ralayabiliriz:<\/p>\n\n\n\n<ul class=\"wp-block-list\"><li>Ham madde tedarikindeki belirsizlikleri azalt\u0131r.<\/li><li>Daha az at\u0131k \u00fcretir ve do\u011fal kaynaklar\u0131 daha verimli kullan\u0131r.<\/li><li>Yeniden kullan\u0131labilir ve geri d\u00f6n\u00fc\u015ft\u00fcr\u00fclebilir malzemelerin kullan\u0131m\u0131n\u0131 te\u015fvik eder.<\/li><li>Maliyetleri d\u00fc\u015f\u00fcr\u00fcr ve k\u00e2rl\u0131l\u0131\u011f\u0131 artt\u0131r\u0131r.<\/li><li>S\u00fcrd\u00fcr\u00fclebilir bir i\u015fletme imaj\u0131 yarat\u0131r.<\/li><li>Markan\u0131n \u00e7evreye olan olumsuz etkisini azalt\u0131r.<\/li><\/ul>\n\n\n\n<figure class=\"wp-block-image size-large\"><img loading=\"lazy\" decoding=\"async\" width=\"1024\" height=\"682\" src=\"https:\/\/evreka.co\/wp-content\/uploads\/2023\/03\/shutterstock_190829462-min-1024x682.jpg\" alt=\"d\u00f6ng\u00fcsel ekonomi\" class=\"wp-image-39714\" srcset=\"https:\/\/evreka.co\/wp-content\/uploads\/2023\/03\/shutterstock_190829462-min-1024x682.jpg 1024w, https:\/\/evreka.co\/wp-content\/uploads\/2023\/03\/shutterstock_190829462-min-300x200.jpg 300w, https:\/\/evreka.co\/wp-content\/uploads\/2023\/03\/shutterstock_190829462-min-768x512.jpg 768w, https:\/\/evreka.co\/wp-content\/uploads\/2023\/03\/shutterstock_190829462-min-1536x1024.jpg 1536w, https:\/\/evreka.co\/wp-content\/uploads\/2023\/03\/shutterstock_190829462-min-2048x1365.jpg 2048w, https:\/\/evreka.co\/wp-content\/uploads\/2023\/03\/shutterstock_190829462-min-500x333.jpg 500w, https:\/\/evreka.co\/wp-content\/uploads\/2023\/03\/shutterstock_190829462-min-800x533.jpg 800w\" sizes=\"auto, (max-width: 1024px) 100vw, 1024px\" \/><\/figure>\n\n\n\n<h2 class=\"wp-block-heading\" id=\"surdurulebilir-uretimde-izlenebilirligin-rolu\">S\u00fcrd\u00fcr\u00fclebilir \u00dcretimde \u0130zlenebilirli\u011fin Rol\u00fc<\/h2>\n\n\n\n<p>D\u00f6ng\u00fcsel bir \u00fcretim modelinde izlenebilirlik olduk\u00e7a kritik bir fakt\u00f6rd\u00fcr. \u0130zlenebilirlik sayesinde, kullan\u0131lan ham maddelerin kayna\u011f\u0131 ve geri d\u00f6n\u00fc\u015f\u00fcm oranlar\u0131 takip edilerek d\u00f6ng\u00fcsel \u00fcretim s\u00fcrecinin verimlili\u011fi art\u0131r\u0131labilir.<\/p>\n\n\n\n<p>Ayr\u0131ca, ham maddelerin kayna\u011f\u0131na kadar takip edilebilmesi, i\u015fletmelerin s\u00fcrd\u00fcr\u00fclebilir kaynak kullan\u0131m\u0131 konusunda daha sorumlu davranmas\u0131na yard\u0131mc\u0131 olur. \u0130zlenebilirlik sayesinde \u015firketler, ham maddelerin kayna\u011f\u0131n\u0131 takip edebilir ve bunu belgeleyerek \u00e7evresel d\u00fczenlemelere uyumlar\u0131n\u0131 kan\u0131tlayabilirler.&nbsp;<\/p>\n\n\n\n<p>Geri d\u00f6n\u00fc\u015ft\u00fcr\u00fclebilir malzemelerin takibi ise i\u015fletmelerin at\u0131klar\u0131n\u0131 azaltmalar\u0131na ve \u00e7evresel etkilerini en aza indirmelerine yard\u0131mc\u0131 olur. Geli\u015fmi\u015f izlenebilirlik yeteneklerine sahip olan \u015firketler, at\u0131k y\u00f6netim planlar\u0131n\u0131 geli\u015ftirerek geri d\u00f6n\u00fc\u015f\u00fcm oranlar\u0131n\u0131 art\u0131rabilir ve s\u00fcrd\u00fcrebilirlik hedeflerine ula\u015fabilirler.<\/p>\n\n\n\n<a class=\"evreka_button\" href=\"https:\/\/evreka.co\/tr\/demo-talebi\/\"> Demo Talep Edin <\/a>\n\n\n\n<figure class=\"wp-block-image size-large\"><img loading=\"lazy\" decoding=\"async\" width=\"1024\" height=\"683\" src=\"https:\/\/evreka.co\/wp-content\/uploads\/2023\/03\/shutterstock_349400798-3-1-min-1024x683.jpg\" alt=\"izlenebilirlik \u00e7\u00f6z\u00fcm\u00fc\" class=\"wp-image-39717\" srcset=\"https:\/\/evreka.co\/wp-content\/uploads\/2023\/03\/shutterstock_349400798-3-1-min-1024x683.jpg 1024w, https:\/\/evreka.co\/wp-content\/uploads\/2023\/03\/shutterstock_349400798-3-1-min-300x200.jpg 300w, https:\/\/evreka.co\/wp-content\/uploads\/2023\/03\/shutterstock_349400798-3-1-min-768x512.jpg 768w, https:\/\/evreka.co\/wp-content\/uploads\/2023\/03\/shutterstock_349400798-3-1-min-1536x1024.jpg 1536w, https:\/\/evreka.co\/wp-content\/uploads\/2023\/03\/shutterstock_349400798-3-1-min-2048x1365.jpg 2048w, https:\/\/evreka.co\/wp-content\/uploads\/2023\/03\/shutterstock_349400798-3-1-min-500x333.jpg 500w, https:\/\/evreka.co\/wp-content\/uploads\/2023\/03\/shutterstock_349400798-3-1-min-800x533.jpg 800w\" sizes=\"auto, (max-width: 1024px) 100vw, 1024px\" \/><\/figure>\n\n\n\n<h2 class=\"wp-block-heading\" id=\"dongusel-ekonominin-anahtari-dijital-cozumler\">D\u00f6ng\u00fcsel Ekonominin Anahtar\u0131: Dijital \u00c7\u00f6z\u00fcmler<\/h2>\n\n\n\n<p>\u00dcretim tesislerinde at\u0131k ve ham madde izlenebilirli\u011fini sa\u011flamak i\u00e7in manuel y\u00f6ntemlerin kullan\u0131lmas\u0131 zaman kayb\u0131na neden olur. Ayr\u0131ca, bu y\u00f6ntemler veri toplama ve analiz etme s\u00fcrecinde de hatalara yol a\u00e7ar.&nbsp;<\/p>\n\n\n\n<p>Dijital izlenebilirlik \u00e7\u00f6z\u00fcmleri, izlenebilirli\u011fe farkl\u0131 bir yakla\u015f\u0131m getirerek i\u015fletmelerin zaman ve maliyet tasarrufu yapmas\u0131n\u0131 sa\u011flar. Bu \u015fekilde i\u015fletmeler daha sorumlu bir tutum sergilemekle birlikte, \u00fcretim faaliyetlerini daha verimli bir \u015fekilde y\u00fcr\u00fctebilir.<\/p>\n\n\n\n<figure class=\"wp-block-image size-large\"><img loading=\"lazy\" decoding=\"async\" width=\"1024\" height=\"573\" src=\"https:\/\/evreka.co\/wp-content\/uploads\/2023\/03\/shutterstock_1415864711-1-min-1024x573.jpg\" alt=\"at\u0131k y\u00f6netimi sistemi\" class=\"wp-image-39720\" srcset=\"https:\/\/evreka.co\/wp-content\/uploads\/2023\/03\/shutterstock_1415864711-1-min-1024x573.jpg 1024w, https:\/\/evreka.co\/wp-content\/uploads\/2023\/03\/shutterstock_1415864711-1-min-300x168.jpg 300w, https:\/\/evreka.co\/wp-content\/uploads\/2023\/03\/shutterstock_1415864711-1-min-768x430.jpg 768w, https:\/\/evreka.co\/wp-content\/uploads\/2023\/03\/shutterstock_1415864711-1-min-1536x860.jpg 1536w, https:\/\/evreka.co\/wp-content\/uploads\/2023\/03\/shutterstock_1415864711-1-min-2048x1147.jpg 2048w, https:\/\/evreka.co\/wp-content\/uploads\/2023\/03\/shutterstock_1415864711-1-min-500x280.jpg 500w, https:\/\/evreka.co\/wp-content\/uploads\/2023\/03\/shutterstock_1415864711-1-min-800x448.jpg 800w\" sizes=\"auto, (max-width: 1024px) 100vw, 1024px\" \/><\/figure>\n\n\n\n<h2 class=\"wp-block-heading\" id=\"evreka-wastedashboard\">Evreka WasteDashboard<\/h2>\n\n\n\n<p>Evreka, \u00fcretim tesislerinde at\u0131k ve ham madde y\u00f6netimi i\u00e7in u\u00e7tan uca bir \u00e7\u00f6z\u00fcm sunuyor! <strong><a href=\"https:\/\/tr.wastedashboard.com\/\" target=\"_blank\" rel=\"noreferrer noopener\">Evreka WasteDashboard<\/a><\/strong>, tesislerinizdeki at\u0131k ve ham madde operasyonlar\u0131n\u0131 dijitalle\u015ftirerek ger\u00e7ek zamanl\u0131 veri toplaman\u0131z\u0131 sa\u011flar. B\u00f6ylece at\u0131k verilerini analiz ederek, \u00fcretim a\u015famas\u0131nda y\u00f6netti\u011finiz farkl\u0131 s\u00fcre\u00e7lerin kalitesini \u00f6l\u00e7ebilir ve gelece\u011fe y\u00f6nelik i\u00e7g\u00f6r\u00fcler elde edebilirsiniz.<\/p>\n\n\n\n<p>WasteDashboard, manuel operasyonlardan kaynaklanan veri ve ham madde kay\u0131plar\u0131n\u0131 \u00f6nleyen dijital bir altyap\u0131 sunar. Bu \u00e7\u00f6z\u00fcm ile at\u0131k \u00fcretilen noktalar\u0131 belirleyebilir, at\u0131k toplama\/bertaraf etme kurallar\u0131n\u0131 tan\u0131mlayabilir ve at\u0131k toplama i\u015f ak\u0131\u015f\u0131n\u0131 y\u00f6netebilirsiniz.<\/p>\n\n\n\n<ul class=\"wp-block-list\"><li>S\u00fcrd\u00fcr\u00fclebilir bir tedarik zinciri olu\u015fturun.<\/li><li>\u00dcretim tesisindeki at\u0131k miktar\u0131n\u0131 azalt\u0131n.<\/li><li>S\u00fcrd\u00fcr\u00fclebilirlik aksiyonlar\u0131n\u0131 h\u0131zla hayata ge\u00e7irin.<\/li><li>Do\u011fru ve etkili raporlar olu\u015fturun.<\/li><li>At\u0131k y\u00f6netimini iyile\u015ftirerek karbon n\u00f6tr hedeflerinize ula\u015f\u0131n.<\/li><li>D\u00f6ng\u00fcsel ekonomi ve \u00e7evre d\u00fczenlemelerine uyum sa\u011flay\u0131n.&nbsp;<\/li><\/ul>\n\n\n\n<figure class=\"wp-block-pullquote\"><blockquote><p><strong>\u00dcretim tesislerinizdeki at\u0131k ve ham madde operasyonlar\u0131n\u0131z\u0131 dijitalle\u015ftirin ve s\u00fcrd\u00fcr\u00fclebilirlik hedeflerinize ula\u015f\u0131n! Hemen \u00fccretsiz <a href=\"https:\/\/tr.wastedashboard.com\/\" target=\"_blank\" rel=\"noreferrer noopener\">demo talep edin<\/a> ve&nbsp; i\u015fletmenizi gelece\u011fe ta\u015f\u0131y\u0131n.<\/strong><\/p><\/blockquote><\/figure>\n","protected":false},"excerpt":{"rendered":"<p>G\u00fcn\u00fcm\u00fczde \u00fcretim tesislerinin d\u00f6ng\u00fcsel ekonomi ilkelerine uygun bir \u015fekilde i\u015fletilmesi, end\u00fcstri sekt\u00f6r\u00fcnde \u00f6ncelikli bir konu haline gelmi\u015ftir. D\u00f6ng\u00fcsel \u00fcretim, \u00fcr\u00fcnlerin ham madde a\u015famas\u0131ndan nihai \u00fcr\u00fcn a\u015famas\u0131na kadar s\u00fcrekli bir ak\u0131\u015f halinde ilerlemesi ile \u00fcretim s\u00fcrecinin kesintisiz devam etmesini sa\u011flar. At\u0131k y\u00f6netiminin bu s\u00fcrece dahil edilmesi \u00e7evresel s\u00fcrd\u00fcr\u00fclebilirli\u011fe katk\u0131 sa\u011flayarak i\u015fletmelerin do\u011fal kaynaklara olan ba\u011f\u0131ml\u0131l\u0131\u011f\u0131n\u0131 azalt\u0131r. [&hellip;]<\/p>\n","protected":false},"author":32,"featured_media":39741,"comment_status":"closed","ping_status":"closed","sticky":false,"template":"","format":"standard","meta":{"content-type":"","om_disable_all_campaigns":false,"inline_featured_image":false,"_monsterinsights_skip_tracking":false,"_monsterinsights_sitenote_active":false,"_monsterinsights_sitenote_note":"","_monsterinsights_sitenote_category":0,"footnotes":""},"categories":[5],"tags":[347,1064,1734,1736,1735],"class_list":["post-39707","post","type-post","status-publish","format-standard","has-post-thumbnail","hentry","category-genel","tag-atik-yonetimi","tag-dongusel-ekonomi","tag-sanayi-atiklari","tag-surdurulebilir-uretim","tag-uretim-atiklari"],"acf":[],"_links":{"self":[{"href":"https:\/\/evreka.co\/tr\/wp-json\/wp\/v2\/posts\/39707","targetHints":{"allow":["GET"]}}],"collection":[{"href":"https:\/\/evreka.co\/tr\/wp-json\/wp\/v2\/posts"}],"about":[{"href":"https:\/\/evreka.co\/tr\/wp-json\/wp\/v2\/types\/post"}],"author":[{"embeddable":true,"href":"https:\/\/evreka.co\/tr\/wp-json\/wp\/v2\/users\/32"}],"replies":[{"embeddable":true,"href":"https:\/\/evreka.co\/tr\/wp-json\/wp\/v2\/comments?post=39707"}],"version-history":[{"count":6,"href":"https:\/\/evreka.co\/tr\/wp-json\/wp\/v2\/posts\/39707\/revisions"}],"predecessor-version":[{"id":39854,"href":"https:\/\/evreka.co\/tr\/wp-json\/wp\/v2\/posts\/39707\/revisions\/39854"}],"wp:featuredmedia":[{"embeddable":true,"href":"https:\/\/evreka.co\/tr\/wp-json\/wp\/v2\/media\/39741"}],"wp:attachment":[{"href":"https:\/\/evreka.co\/tr\/wp-json\/wp\/v2\/media?parent=39707"}],"wp:term":[{"taxonomy":"category","embeddable":true,"href":"https:\/\/evreka.co\/tr\/wp-json\/wp\/v2\/categories?post=39707"},{"taxonomy":"post_tag","embeddable":true,"href":"https:\/\/evreka.co\/tr\/wp-json\/wp\/v2\/tags?post=39707"}],"curies":[{"name":"wp","href":"https:\/\/api.w.org\/{rel}","templated":true}]}}