{"id":36988,"date":"2022-08-01T15:59:25","date_gmt":"2022-08-01T12:59:25","guid":{"rendered":"https:\/\/evreka.co\/?p=36988"},"modified":"2022-11-18T10:46:34","modified_gmt":"2022-11-18T07:46:34","slug":"dongusel-donusum-gostergeleri-rehberi-dijital-atik-yonetimi","status":"publish","type":"post","link":"https:\/\/evreka.co\/tr\/blog\/dongusel-donusum-gostergeleri-rehberi-dijital-atik-yonetimi\/","title":{"rendered":"D\u00f6ng\u00fcsel D\u00f6n\u00fc\u015f\u00fcm G\u00f6stergeleri Rehberi: Dijital At\u0131k Y\u00f6netimi"},"content":{"rendered":"\n<p>\u00d6yle bir \u00e7a\u011fda ya\u015f\u0131yoruz ki, fazla t\u00fcketim bir norma d\u00f6n\u00fc\u015ft\u00fc, \u201c\u0130htiyac\u0131n kadar kullan\u201d c\u00fcmlesi de bir uyar\u0131ya. \u0130kinci D\u00fcnya Sava\u015f\u0131 sonras\u0131nda patlayan ekonomik geli\u015fim, fazla t\u00fcketimi bir ihtiyaca ve sosyal stat\u00fc simgesi haline getirdi. Ancak s\u0131n\u0131r tan\u0131mayan ve d\u00fcnyan\u0131n belli kesimlerini refaha bo\u011fan bu durum, hepimizi tehdit etmeye ba\u015flad\u0131. <strong><a href=\"https:\/\/wwf.panda.org\/discover\/knowledge_hub\/all_publications\/living_planet_report_timeline\/lpr_2012\/#:~:text=The%202012%20edition%20of%20the,our%20Ecological%20Footprint%20is%20increasing.\" target=\"_blank\" rel=\"noreferrer noopener nofollow\">T\u00fcketim h\u0131z\u0131<\/a><\/strong> b\u00f6yle devam ederse 2030\u2019da iki d\u00fcnyan\u0131n sahip oldu\u011fu kadar kaynak t\u00fcketmi\u015f olaca\u011f\u0131z! \u015eimdi, daha ya\u015fanabilir bir d\u00fcnya ve s\u00fcrd\u00fcr\u00fclebilir bir gelecek i\u00e7in m\u00fccadele zaman\u0131 ve bu konuda temel bir rehber var: Her sekt\u00f6rde d\u00f6ng\u00fcsel d\u00f6n\u00fc\u015f\u00fcm ve d\u00f6ng\u00fcsel ekonomi (circular economy).&nbsp;<\/p>\n\n\n\n<p>Son y\u0131llarda dillere pelesenk olan d\u00f6ng\u00fcsel ekonomi \u00f6rnekleri; h\u00fck\u00fcmetlerin, sivil toplum kurulu\u015flar\u0131n\u0131n ve uluslararas\u0131 kurulu\u015flar\u0131n eylem planlar\u0131n\u0131n ayr\u0131lmaz bir par\u00e7as\u0131. Yak\u0131n bir d\u00f6nemde Avrupa Birli\u011fi\u2019nin<strong> <a href=\"https:\/\/evreka.co\/tr\/blog\/buyuk-degisim-yolda-abnin-yeni-dongusel-ekonomi-eylem-plani\/\">D<\/a><a href=\"https:\/\/evreka.co\/tr\/blog\/buyuk-degisim-yolda-abnin-yeni-dongusel-ekonomi-eylem-plani\/\" target=\"_blank\" rel=\"noreferrer noopener\">\u00f6ng\u00fcsel Ekonomi Eylem Plan\u0131<\/a> <\/strong>ile ilgili \u00e7arp\u0131c\u0131 de\u011fi\u015fiklikler yapmas\u0131 da bu yeni ekonomi modeli do\u011frultusunda yeni rotalar \u00e7izilmesine \u00f6n ayak oldu. T\u00fcm d\u00fcnyan\u0131n radar\u0131ndaki bu kavram\u0131 daha yak\u0131ndan incelemeye ne dersiniz?<\/p>\n\n\n\n<figure class=\"wp-block-image size-large\"><img loading=\"lazy\" decoding=\"async\" width=\"1024\" height=\"1024\" src=\"https:\/\/evreka.co\/wp-content\/uploads\/2022\/08\/dongusel-donusum-gostergeleri-rehberi-evreka-1024x1024.jpg\" alt=\"d\u00f6ng\u00fcsel ekonomi paketi temel eylem alanlar\u0131\" class=\"wp-image-37001\" srcset=\"https:\/\/evreka.co\/wp-content\/uploads\/2022\/08\/dongusel-donusum-gostergeleri-rehberi-evreka-1024x1024.jpg 1024w, https:\/\/evreka.co\/wp-content\/uploads\/2022\/08\/dongusel-donusum-gostergeleri-rehberi-evreka-300x300.jpg 300w, https:\/\/evreka.co\/wp-content\/uploads\/2022\/08\/dongusel-donusum-gostergeleri-rehberi-evreka-150x150.jpg 150w, https:\/\/evreka.co\/wp-content\/uploads\/2022\/08\/dongusel-donusum-gostergeleri-rehberi-evreka-768x768.jpg 768w, https:\/\/evreka.co\/wp-content\/uploads\/2022\/08\/dongusel-donusum-gostergeleri-rehberi-evreka-1536x1536.jpg 1536w, https:\/\/evreka.co\/wp-content\/uploads\/2022\/08\/dongusel-donusum-gostergeleri-rehberi-evreka-2048x2048.jpg 2048w, https:\/\/evreka.co\/wp-content\/uploads\/2022\/08\/dongusel-donusum-gostergeleri-rehberi-evreka-500x500.jpg 500w, https:\/\/evreka.co\/wp-content\/uploads\/2022\/08\/dongusel-donusum-gostergeleri-rehberi-evreka-800x800.jpg 800w\" sizes=\"auto, (max-width: 1024px) 100vw, 1024px\" \/><\/figure>\n\n\n\n<h2 class=\"wp-block-heading\" id=\"dongusel-ekonomi-nedir\">D\u00f6ng\u00fcsel Ekonomi Nedir?<\/h2>\n\n\n\n<p>En kaba tabirle, d\u00f6ng\u00fcsel ekonomi sorunlu do\u011frusal ekonomi modeline kar\u015f\u0131 geli\u015ftirilmi\u015f bir strateji. Do\u011frusal ekonomi modeli refah\u0131m\u0131z\u0131 b\u00fcy\u00fctse de hi\u00e7bir s\u0131n\u0131r tan\u0131mad\u0131. Tek ama\u00e7 kar olunca da d\u00fcnya bu durumu daha fazla kald\u0131ramayacak noktaya geldi. \u0130klim krizi ve asl\u0131nda bilin\u00e7siz t\u00fcketimin tetikledi\u011fi hastal\u0131klar gibi hala devam eden tehditler, gelece\u011fimizi riske att\u0131.&nbsp;<\/p>\n\n\n\n<p>Art\u0131k gezegene ve do\u011faya sayg\u0131y\u0131 temel alan ve etik \u00e7er\u00e7eveler i\u00e7inde geli\u015fen bir b\u00fcy\u00fcmeye, bu sayede de insanlar\u0131n daha e\u015fit \u015fartlarda ya\u015fad\u0131\u011f\u0131 bir sisteme ge\u00e7meye ihtiyac\u0131m\u0131z var. D\u00f6ng\u00fcsel ekonomiye ge\u00e7i\u015f de en \u00e7ok kabul g\u00f6ren s\u00fcrd\u00fcr\u00fclebilir kalk\u0131nma y\u00f6ntemi. Ancak son D\u00fcnya S\u00fcrd\u00fcr\u00fclebilir Kalk\u0131nma \u0130\u015f Konseyi (WBCSD) raporuna g\u00f6re <strong><a href=\"https:\/\/www.wbcsd.org\/Programs\/Circular-Economy\/Metrics-Measurement\/Resources\/Circular-Transition-Indicators-v3.0-Metrics-for-business-by-business\" target=\"_blank\" rel=\"noreferrer noopener nofollow\">d\u00fcnya ekonomisinin d\u00f6ng\u00fcsellik oran\u0131<\/a> <\/strong>sadece %8.6 ve b\u00f6yle devam etti\u011fimiz takdirde ne S\u00fcrd\u00fcr\u00fclebilir Kalk\u0131nma Ama\u00e7lar\u0131&#8217;na (SKA) ne de <a href=\"https:\/\/evreka.co\/tr\/blog\/4-maddede-paris-iklim-anlasmasi\/\" target=\"_blank\" rel=\"noreferrer noopener\"><strong>Paris Anla\u015fmas\u0131 hedeflerine<\/strong><\/a> ula\u015fabiliriz. Peki d\u00f6ng\u00fcsel ekonomiye ge\u00e7i\u015f bize ne kazand\u0131racak? <strong><a href=\"https:\/\/evreka.co\/tr\/\" target=\"_blank\" rel=\"noreferrer noopener\">Ak\u0131ll\u0131 at\u0131k y\u00f6netimi<\/a><\/strong> t\u00fcm bunlar\u0131n neresinde?<\/p>\n\n\n\n<figure class=\"wp-block-image size-full\"><img loading=\"lazy\" decoding=\"async\" width=\"2014\" height=\"1134\" src=\"https:\/\/evreka.co\/wp-content\/uploads\/2022\/02\/Circular-economy-infographic.jpg\" alt=\"circular economy transition and sustainable waste management\" class=\"wp-image-30529\"\/><\/figure>\n\n\n\n<h2 class=\"wp-block-heading\" id=\"dongusel-ekonomi-ilkeleri\">D\u00f6ng\u00fcsel Ekonomi \u0130lkeleri<\/h2>\n\n\n\n<p>Do\u011frusal ve d\u00f6ng\u00fcsel ekonomi aras\u0131ndaki en b\u00fcy\u00fck fark, \u201cal-yap-at\u201d modelinin terk edilmesi. D\u00f6ng\u00fcsel ekonomi modeli gezegene sayg\u0131y\u0131 esas alarak israftan ka\u00e7\u0131nmay\u0131 \u00f6nceliklendiriyor. Ham madde ba\u015fta olmak \u00fczere her \u00e7e\u015fit kayna\u011f\u0131n maksimum ekonomik de\u011feri sa\u011flayarak \u015fekilde kullan\u0131m\u0131na odaklan\u0131yor. Bu optimal kullan\u0131m da <strong><a href=\"https:\/\/evreka.co\/tr\/akilli-atik-yonetimi\/\" target=\"_blank\" rel=\"noreferrer noopener\">dijital at\u0131k y\u00f6netimi<\/a><\/strong> ve kaliteli geri d\u00f6n\u00fc\u015f\u00fcm uygulamalar\u0131 sayesinde ger\u00e7ekle\u015fiyor. Bir s\u00fcrecin \u00e7\u0131kt\u0131s\u0131n\u0131n di\u011fer s\u00fcrecin kayna\u011f\u0131 oldu\u011fu biyoloji temelli modelin temel ilkeleri ise \u015funlar:<\/p>\n\n\n\n<ul class=\"wp-block-list\"><li>At\u0131klar\u0131n ve kirlili\u011fin yok edilmesi<\/li><li>Biyolojik maddelerin do\u011faya d\u00f6n\u00fc\u015f\u00fc ve biyolojik \u00e7e\u015fitlili\u011fin art\u0131\u015f\u0131<\/li><li>\u00dcr\u00fcn ve ham maddelerin en y\u00fcksek kaliteli haliyle ekonomik d\u00f6ng\u00fcye tekrar kat\u0131lmas\u0131<\/li><\/ul>\n\n\n\n<p>K\u0131sacas\u0131, d\u00f6ng\u00fcsel ekonomi i\u00e7in yap\u0131lan projeler \u00fcretim zincirlerindeki bir\u00e7ok fakt\u00f6r\u00fc birbirine ba\u011flayarak kaynaklar\u0131n verimli bir bi\u00e7imde yeniden kullan\u0131m\u0131na odaklan\u0131r. Bunun i\u00e7in ham maddelerin \u00e7\u0131kar\u0131lma y\u00f6ntemlerinden t\u00fcketim al\u0131\u015fkanl\u0131klar\u0131n\u0131n de\u011fi\u015fimine kadar d\u00f6ng\u00fcn\u00fcn her ad\u0131m\u0131 s\u00fcrd\u00fcr\u00fclebilir bir \u015fekilde ele al\u0131n\u0131r.&nbsp;<\/p>\n\n\n\n<p>Bu y\u00fczden d\u00f6ng\u00fcsel ekonomi, daha s\u00fcrd\u00fcr\u00fclebilir ve dayan\u0131\u015fma bazl\u0131 yeni bir pazar yaratarak \u201cd\u00f6ng\u00fcy\u00fc kapatmay\u0131\u201d hedefler. Ayr\u0131ca \u00fclkeler iklim krizine kar\u015f\u0131 karbon emisyonlar\u0131n\u0131n azalt\u0131lmas\u0131na \u00f6nemli katk\u0131larda bulunurken, ithal kaynaklara olan ba\u011f\u0131ml\u0131l\u0131klar\u0131n\u0131 da azaltabilir ve yeni istihdam alanlar\u0131 ile ekonomik b\u00fcy\u00fcme yaratabilir. Bunu ba\u015farmak i\u00e7in h\u00fck\u00fcmetlerin ve \u00f6zel sekt\u00f6r\u00fcn, s\u00fcrd\u00fcr\u00fclebilir i\u015f modelleri ve y\u00f6neti\u015fim ile ge\u00e7i\u015f s\u00fcrecini ba\u015flatmas\u0131 gerekir.<\/p>\n\n\n\n<figure class=\"wp-block-image size-large\"><img loading=\"lazy\" decoding=\"async\" width=\"1024\" height=\"683\" src=\"https:\/\/evreka.co\/wp-content\/uploads\/2022\/08\/dongusel-donusum-gostergeleri-evreka-1-1024x683.jpg\" alt=\"d\u00f6ng\u00fcsel ekonomi nedir\" class=\"wp-image-37004\" srcset=\"https:\/\/evreka.co\/wp-content\/uploads\/2022\/08\/dongusel-donusum-gostergeleri-evreka-1-1024x683.jpg 1024w, https:\/\/evreka.co\/wp-content\/uploads\/2022\/08\/dongusel-donusum-gostergeleri-evreka-1-300x200.jpg 300w, https:\/\/evreka.co\/wp-content\/uploads\/2022\/08\/dongusel-donusum-gostergeleri-evreka-1-768x512.jpg 768w, https:\/\/evreka.co\/wp-content\/uploads\/2022\/08\/dongusel-donusum-gostergeleri-evreka-1-1536x1024.jpg 1536w, https:\/\/evreka.co\/wp-content\/uploads\/2022\/08\/dongusel-donusum-gostergeleri-evreka-1-2048x1365.jpg 2048w, https:\/\/evreka.co\/wp-content\/uploads\/2022\/08\/dongusel-donusum-gostergeleri-evreka-1-500x333.jpg 500w, https:\/\/evreka.co\/wp-content\/uploads\/2022\/08\/dongusel-donusum-gostergeleri-evreka-1-800x533.jpg 800w\" sizes=\"auto, (max-width: 1024px) 100vw, 1024px\" \/><\/figure>\n\n\n\n<h2 class=\"wp-block-heading\" id=\"dongusel-ekonomi-stratejisi-nedir\">D\u00f6ng\u00fcsel Ekonomi Stratejisi Nedir?<\/h2>\n\n\n\n<p>D\u00f6ng\u00fcsel ekonomi stratejisi 3R Kural\u0131\u2019n\u0131 hat\u0131rlatabilir, \u201cReduce, reuse, recycle.\u201d T\u00fcrk\u00e7eye \u201cAzalt, tekrar kullan, geri kazand\u0131r\u201d olarak \u00e7evrilen bu temel kural, d\u00f6ng\u00fcsel ekonomi ilkelerinin sadece bir alt k\u00fcmesi olabilir! \u00dcretim a\u015famas\u0131na tamamen yeni bir yakla\u015f\u0131m getiren d\u00f6ng\u00fcsel model, \u015fu d\u00fc\u015f\u00fcnce tarz\u0131na dayan\u0131r:<\/p>\n\n\n\n<ul class=\"wp-block-list\"><li><strong>Yeniden D\u00fc\u015f\u00fcn:<\/strong> \u00d6nce d\u00fc\u015f\u00fcnme bi\u00e7iminizi de\u011fi\u015ftirin. \u00d6rne\u011fin, ara\u015ft\u0131r\u0131n, bu \u00fcr\u00fcn daha az kaynakla \u00fcretilebilir mi ya da en \u00e7ok ihtiyaca cevap veren \u00fcr\u00fcn bu mu?<\/li><li><strong>Yeniden Tasarla: <\/strong>\u00c7evre dostu \u00fcr\u00fcn tasar\u0131m\u0131 her zaman \u00f6nceli\u011finiz olsun. Onar\u0131m veya geri d\u00f6n\u00fc\u015f\u00fcm\u00fcn bir se\u00e7enek olup olmad\u0131\u011f\u0131n\u0131 g\u00f6z \u00f6n\u00fcne al\u0131n.<\/li><li><strong>Yeniden Kullan:<\/strong> \u00dcr\u00fcnleri ayn\u0131 ya da farkl\u0131 bi\u00e7imde yeniden kullanmaktan \u00e7ekinmeyin.<\/li><li><strong>Onar\u0131m ve Yeniden \u0130malat:<\/strong> Bak\u0131m ve onar\u0131m\u0131 temel i\u015f haline getirin.<\/li><li><strong>Geri D\u00f6n\u00fc\u015f\u00fcm:<\/strong> \u00dcr\u00fcnlerin ya\u015fam d\u00f6ng\u00fcs\u00fcn\u00fc ve at\u0131klar\u0131n durumunu d\u00fc\u015f\u00fcn\u00fcn.<\/li><li><strong>Kurtarma:<\/strong> Enerjiyi tekrar a\u00e7\u0131\u011fa \u00e7\u0131karmaya ne dersiniz?.<\/li><\/ul>\n\n\n\n<p>Peki ara\u00e7lar neler olabilir?<\/p>\n\n\n\n<ul class=\"wp-block-list\"><li><strong>Yenilenebilir Enerji:<\/strong> Fosil enerjiden temiz enerjiye ge\u00e7i\u015f hayati derecede \u00f6nemli.<\/li><li><strong>Do\u011fal Sermaye:<\/strong> Do\u011fal kaynaklar\u0131 korumal\u0131 ve toksik maddelerden uzak durmal\u0131y\u0131z.<\/li><li><strong>Yeni Gelir Modelleri: <\/strong>\u00d6rne\u011fin, sat\u0131n alma yerine kullan\u0131m \u00f6demesi talep etmeye ba\u015flayabilirsiniz, kira gibi.<\/li><li><strong>\u00dcr\u00fcn Tasar\u0131m\u0131:<\/strong> D\u00f6ng\u00fcsel ekonominin t\u00fcm temel ilkelerini kar\u015f\u0131layabilecek yap\u0131da bir tasar\u0131m esas.<\/li><li><strong>Tedarik Zinciri i\u015f Birli\u011fi:<\/strong> T\u00fcm bunlar\u0131 tek ba\u015f\u0131n\u0131za yapamazs\u0131n\u0131z!<\/li><li><strong>Kaliteli Geri D\u00f6n\u00fc\u015f\u00fcm ve Yeniden Kullan\u0131m:<\/strong> \u00c7evre dostu olmak yetmez, yeniden d\u00f6ng\u00fcye kat\u0131lan \u00fcr\u00fcn maksimum potansiyeline ula\u015fm\u0131\u015f olmal\u0131.<\/li><\/ul>\n\n\n\n<p>Zor mu g\u00f6r\u00fcn\u00fcyor? Yeni bir \u00e7a\u011f\u0131n kap\u0131s\u0131n\u0131 aralayan End\u00fcstri 4.0\u2019\u0131n yaratt\u0131\u011f\u0131 dijital inovasyonlar\u0131 kullanarak t\u00fcm de\u011fer zincirlerini ve malzeme ak\u0131\u015flar\u0131n\u0131 bu ilkelere uyumlu hale getirebilirsiniz. \u015eirketiniz i\u00e7in do\u011fru d\u00f6ng\u00fcsellik hedefleri belirlemeyi ve bu hedeflerin ger\u00e7ekle\u015fme y\u00fczdesini de \u00f6l\u00e7ebilirsiniz. Ama nas\u0131l? D\u00fcnya S\u00fcrd\u00fcr\u00fclebilir Kalk\u0131nma \u0130\u015f Konseyi (WBCSD) bu konuda da baz\u0131 kriterler koydu!<\/p>\n\n\n\n<figure class=\"wp-block-image size-large\"><img loading=\"lazy\" decoding=\"async\" width=\"1024\" height=\"683\" src=\"https:\/\/evreka.co\/wp-content\/uploads\/2022\/08\/dongusel-donusum-gostergeleri-rehberi-dijital-atik-yonetimi-evreka-1024x683.jpg\" alt=\"s\u0131f\u0131r at\u0131k d\u00f6ng\u00fcsel ekonomi\" class=\"wp-image-37007\" srcset=\"https:\/\/evreka.co\/wp-content\/uploads\/2022\/08\/dongusel-donusum-gostergeleri-rehberi-dijital-atik-yonetimi-evreka-1024x683.jpg 1024w, https:\/\/evreka.co\/wp-content\/uploads\/2022\/08\/dongusel-donusum-gostergeleri-rehberi-dijital-atik-yonetimi-evreka-300x200.jpg 300w, https:\/\/evreka.co\/wp-content\/uploads\/2022\/08\/dongusel-donusum-gostergeleri-rehberi-dijital-atik-yonetimi-evreka-768x512.jpg 768w, https:\/\/evreka.co\/wp-content\/uploads\/2022\/08\/dongusel-donusum-gostergeleri-rehberi-dijital-atik-yonetimi-evreka-1536x1024.jpg 1536w, https:\/\/evreka.co\/wp-content\/uploads\/2022\/08\/dongusel-donusum-gostergeleri-rehberi-dijital-atik-yonetimi-evreka-2048x1365.jpg 2048w, https:\/\/evreka.co\/wp-content\/uploads\/2022\/08\/dongusel-donusum-gostergeleri-rehberi-dijital-atik-yonetimi-evreka-500x333.jpg 500w, https:\/\/evreka.co\/wp-content\/uploads\/2022\/08\/dongusel-donusum-gostergeleri-rehberi-dijital-atik-yonetimi-evreka-800x533.jpg 800w\" sizes=\"auto, (max-width: 1024px) 100vw, 1024px\" \/><\/figure>\n\n\n\n<h2 class=\"wp-block-heading\" id=\"dongusel-donusum-gostergeleri-nedir\">D\u00f6ng\u00fcsel D\u00f6n\u00fc\u015f\u00fcm G\u00f6stergeleri Nedir?<\/h2>\n\n\n\n<p>WBCSD \u00fcyesi 30 k\u00fcresel \u015firket, ge\u00e7ti\u011fimiz y\u0131ldan beri d\u00fczenli olarak bir araya geliyor. Bu toplant\u0131larda d\u00f6ng\u00fcsel ekonomi f\u0131rsatlar\u0131 g\u00f6r\u00fc\u015f\u00fcl\u00fcyor ve kurumsal hedefleri belirlemek i\u00e7in D\u00f6ng\u00fcsel D\u00f6n\u00fc\u015f\u00fcm G\u00f6stergeleri (CTI) olu\u015fturuluyor. Ama\u00e7lar\u0131 s\u00fcrd\u00fcr\u00fclebilir kalk\u0131nma performans\u0131n\u0131 daha da geli\u015ftirmek olan bu g\u00f6stergeler temel olarak \u015funlar\u0131 inceliyor:<\/p>\n\n\n\n<ul class=\"wp-block-list\"><li>\u015eirket i\u00e7indeki malzeme ak\u0131\u015f\u0131<\/li><li>Kaynak verimlili\u011fi<\/li><li>D\u00f6ng\u00fcsel etkinliklerin yaratt\u0131\u011f\u0131 de\u011fer<\/li><\/ul>\n\n\n\n<p>Bu \u00e7er\u00e7eve \u015firketlere somut i\u00e7g\u00f6r\u00fcler sa\u011flayarak d\u00f6ng\u00fcsel ekonominin neresinde durduklar\u0131n\u0131 g\u00f6rme f\u0131rsat\u0131 sunuyor. B\u00f6ylece m\u00fc\u015fteri ve yat\u0131r\u0131mc\u0131lar\u0131n da taleplerine h\u0131zla cevap vererek d\u00f6ng\u00fcsel ekonomiye ge\u00e7i\u015f s\u00fcrecini b\u00fcy\u00fck \u00f6l\u00e7\u00fcde h\u0131zland\u0131rmak ama\u00e7lan\u0131yor. Rehberin temel ara\u00e7lar\u0131 ise \u015f\u00f6yle:<\/p>\n\n\n\n<ul class=\"wp-block-list\"><li>Kapsam<\/li><li>\u00d6nceliklendirme<\/li><li>Toplama<\/li><li>Hesaplama<\/li><li>Analiz<\/li><li>Planlama&nbsp;<\/li><li>Uygulama&nbsp;<\/li><\/ul>\n\n\n\n<p>Bu ara\u00e7lar\u0131 kullanarak nerede durdu\u011funuzu g\u00f6rmek istiyorsan\u0131z, \u015fu D\u00f6ng\u00fcsel D\u00f6n\u00fc\u015f\u00fcm G\u00f6stergeleri\u2019ni takip etmeniz yeterli:<\/p>\n\n\n\n<ul class=\"wp-block-list\"><li><strong>Kapat (Close the Loop):<\/strong> \u015eirketin malzeme ak\u0131\u015f\u0131nda d\u00f6ng\u00fcselli\u011fin etkisini \u00f6l\u00e7\u00fcyor. \u00d6l\u00e7\u00fcm \u015firket, birim, tesis ya da \u00fcr\u00fcn baz\u0131nda olabilir.&nbsp;<\/li><li><strong>Optimize Et (Optimize the Loop):<\/strong> Kaynak kullan\u0131m\u0131 verimlili\u011fi, materyallerin \u00f6nemi ve nas\u0131l daha y\u00fcksek de\u011ferde geri kazan\u0131labilece\u011fi hakk\u0131nda i\u00e7g\u00f6r\u00fcler sa\u011fl\u0131yor.<\/li><li><strong>De\u011fer Kat (Value the Loop):<\/strong> Di\u011ferlerinin aksine bu g\u00f6sterge malzeme ak\u0131\u015f\u0131ndan \u00e7ok \u015firketin katma i\u015f de\u011ferini \u00f6l\u00e7\u00fcyor.&nbsp;<\/li><li><strong>Etkiyi G\u00f6r (Impact the Loop): <\/strong>D\u00f6ng\u00fcsel stratejilerin iklim, do\u011fa ve e\u015fitlik gibi s\u00fcrd\u00fcr\u00fclebilirlik hedeflerine olan etkisini \u00f6l\u00e7\u00fcyor. \u015eirketinizin %100 d\u00f6ng\u00fcsellik kar\u015f\u0131s\u0131ndaki performans\u0131n\u0131 g\u00f6rm\u00fc\u015f olursunuz.&nbsp;<\/li><\/ul>\n\n\n\n<p>Sosyal, ekonomik ve \u00e7evresel a\u00e7\u0131dan s\u00fcrd\u00fcr\u00fclebilir bir d\u00fcnya i\u00e7in gerekenleri i\u015faret eden D\u00f6ng\u00fcsel D\u00f6n\u00fc\u015f\u00fcm G\u00f6stergeleri i\u00e7in en \u00f6nemli sekt\u00f6rlerden biri -\u015fa\u015f\u0131rt\u0131c\u0131 gelebilir ama- <a href=\"https:\/\/evreka.co\/tr\/blog\/atik-sektorunde-dijitallesmenin-faydalari\/\" target=\"_blank\" rel=\"noreferrer noopener\"><strong>dijital at\u0131k y\u00f6netimi<\/strong><\/a>! Bu \u00e7\u00f6z\u00fcmler \u015firket performans\u0131n\u0131 geli\u015ftirmekle kalm\u0131yor, kazan\u0131lan materyaller t\u00fcm S\u00fcrd\u00fcr\u00fclebilir Kalk\u0131nma ve iklim hedefleri i\u00e7in bir temel olu\u015fturuyor.<\/p>\n\n\n\n<figure class=\"wp-block-image size-large\"><img loading=\"lazy\" decoding=\"async\" width=\"1024\" height=\"683\" src=\"https:\/\/evreka.co\/wp-content\/uploads\/2022\/08\/dongusel-donusum-gostergeleri-rehberi-evreka-1-1024x683.jpg\" alt=\"s\u00fcrd\u00fcr\u00fclebilir sanayi ve d\u00f6ng\u00fcsel ekonomi\" class=\"wp-image-37010\" srcset=\"https:\/\/evreka.co\/wp-content\/uploads\/2022\/08\/dongusel-donusum-gostergeleri-rehberi-evreka-1-1024x683.jpg 1024w, https:\/\/evreka.co\/wp-content\/uploads\/2022\/08\/dongusel-donusum-gostergeleri-rehberi-evreka-1-300x200.jpg 300w, https:\/\/evreka.co\/wp-content\/uploads\/2022\/08\/dongusel-donusum-gostergeleri-rehberi-evreka-1-768x512.jpg 768w, https:\/\/evreka.co\/wp-content\/uploads\/2022\/08\/dongusel-donusum-gostergeleri-rehberi-evreka-1-1536x1024.jpg 1536w, https:\/\/evreka.co\/wp-content\/uploads\/2022\/08\/dongusel-donusum-gostergeleri-rehberi-evreka-1-2048x1365.jpg 2048w, https:\/\/evreka.co\/wp-content\/uploads\/2022\/08\/dongusel-donusum-gostergeleri-rehberi-evreka-1-500x333.jpg 500w, https:\/\/evreka.co\/wp-content\/uploads\/2022\/08\/dongusel-donusum-gostergeleri-rehberi-evreka-1-800x533.jpg 800w\" sizes=\"auto, (max-width: 1024px) 100vw, 1024px\" \/><\/figure>\n\n\n\n<h2 class=\"wp-block-heading\" id=\"atik-yonetiminin-dongusel-donusumdeki-yeri-nedir\">At\u0131k Y\u00f6netiminin D\u00f6ng\u00fcsel D\u00f6n\u00fc\u015f\u00fcmdeki Yeri Nedir?<\/h2>\n\n\n\n<p>Yeni ekonomik vizyonun temel direklerinden biri olan ak\u0131ll\u0131 at\u0131k y\u00f6netimi, s\u00fcrd\u00fcr\u00fclebilir bir tasar\u0131mla \u00fcretilen \u00fcr\u00fcnlerin tekrar tekrar kullan\u0131m\u0131n\u0131 sa\u011fl\u0131yor. D\u00f6ng\u00fcsel ekonomi \u00e7er\u00e7evesi i\u00e7inde at\u0131k: ya bir kayna\u011fa d\u00f6n\u00fc\u015fmek zorunda ya da bir enerji geri kazan\u0131m\u0131 olmal\u0131. Her durumda <strong><a href=\"https:\/\/evreka.co\/tr\/e-kitaplar\/atik-yonetiminde-surdurulebilir-uygulamalar\/\" target=\"_blank\" rel=\"noreferrer noopener\">s\u00fcrd\u00fcr\u00fclebilir at\u0131k y\u00f6netimi<\/a><\/strong> sayesinde olu\u015fan bir kazan\u00e7 ve yeniden kullan\u0131m var.<\/p>\n\n\n\n<p>Ak\u0131ll\u0131 bir at\u0131k y\u00f6netimi altyap\u0131s\u0131 olmadan bunu ba\u015farmak imkans\u0131z. <strong><a href=\"https:\/\/evreka.co\/blog\/how-iot-advances-smart-waste-management\/\" target=\"_blank\" rel=\"noreferrer noopener\">IoT<\/a><\/strong> ve <a href=\"https:\/\/evreka.co\/blog\/go-green-with-sustainable-cloud-technology\/\" target=\"_blank\" rel=\"noreferrer noopener\"><strong>bulut tabanl\u0131 sistemler<\/strong><\/a> sayesinde her \u015feyi kapsayan, at\u0131klar\u0131n kayna\u011f\u0131nda ayr\u0131\u015fmas\u0131ndan geri d\u00f6n\u00fc\u015f\u00fcm tesislerindeki son a\u015famaya kadar, bir sistem gerekli. AB D\u00f6ng\u00fcsel Ekonomi Paketi temel eylem alanlar\u0131 ve Green Deal da at\u0131k ak\u0131\u015f\u0131n\u0131n geli\u015fmi\u015f teknolojilerle ayr\u0131\u015ft\u0131r\u0131lmas\u0131n\u0131n ve bu sayede kolayla\u015fan geri d\u00f6n\u00fc\u015f\u00fcm\u00fcn \u00f6nemini vurgular. Ayr\u0131ca \u00e7evreye zararl\u0131 bertaraf tekniklerinin ve at\u0131k sahalar\u0131n\u0131n kullan\u0131m\u0131n\u0131n azalt\u0131lmas\u0131, emisyonlar\u0131n azalt\u0131lmas\u0131 ve s\u0131f\u0131r karbon hedefleri i\u00e7in de son derece \u00f6nemli ad\u0131mlar.<\/p>\n\n\n\n<p>\u00d6te yandan, ak\u0131ll\u0131 at\u0131k y\u00f6netimi teknolojileri, s\u00fcrd\u00fcr\u00fclebilir sanayi ve d\u00f6ng\u00fcsel ekonomi y\u00f6ntemlerini ele\u015ftirenlerin de temel \u00e7\u0131k\u0131\u015f noktas\u0131. Son teknoloji at\u0131k y\u00f6netimi bir yana, \u015fu anda kullan\u0131lan at\u0131k ay\u0131rma ve toplama y\u00f6ntemlerinin bile olduk\u00e7a sorunlu oldu\u011fu konusunda \u0131srarc\u0131lar. \u0130nsanlar\u0131 at\u0131k konusunda bilin\u00e7lendirmekten, geri d\u00f6n\u00fc\u015f\u00fcm tesisleri faaliyetlerine kadar her \u015feyi g\u00f6zeten bir at\u0131k y\u00f6netimi altyap\u0131s\u0131 i\u00e7in \u00e7ok uzun zaman ve y\u00fcksek maliyetler gerekti\u011fini d\u00fc\u015f\u00fcn\u00fcyorlar. Belli ki, Evreka&#8217;n\u0131n s\u00fcrd\u00fcr\u00fclebilir ve bulut tabanl\u0131 at\u0131k y\u00f6netimi \u00e7\u00f6z\u00fcmleriyle hen\u00fcz tan\u0131\u015fmam\u0131\u015flar!<\/p>\n\n\n\n<figure class=\"wp-block-image size-large\"><img loading=\"lazy\" decoding=\"async\" width=\"1024\" height=\"683\" src=\"https:\/\/evreka.co\/wp-content\/uploads\/2022\/08\/dongusel-donusum-dijital-atik-yonetimi-evreka-1024x683.jpg\" alt=\"d\u00f6ng\u00fcsel ekonomi \u00f6rnekleri\" class=\"wp-image-37013\" srcset=\"https:\/\/evreka.co\/wp-content\/uploads\/2022\/08\/dongusel-donusum-dijital-atik-yonetimi-evreka-1024x683.jpg 1024w, https:\/\/evreka.co\/wp-content\/uploads\/2022\/08\/dongusel-donusum-dijital-atik-yonetimi-evreka-300x200.jpg 300w, https:\/\/evreka.co\/wp-content\/uploads\/2022\/08\/dongusel-donusum-dijital-atik-yonetimi-evreka-768x512.jpg 768w, https:\/\/evreka.co\/wp-content\/uploads\/2022\/08\/dongusel-donusum-dijital-atik-yonetimi-evreka-1536x1024.jpg 1536w, https:\/\/evreka.co\/wp-content\/uploads\/2022\/08\/dongusel-donusum-dijital-atik-yonetimi-evreka-2048x1365.jpg 2048w, https:\/\/evreka.co\/wp-content\/uploads\/2022\/08\/dongusel-donusum-dijital-atik-yonetimi-evreka-500x333.jpg 500w, https:\/\/evreka.co\/wp-content\/uploads\/2022\/08\/dongusel-donusum-dijital-atik-yonetimi-evreka-800x533.jpg 800w\" sizes=\"auto, (max-width: 1024px) 100vw, 1024px\" \/><\/figure>\n\n\n\n<h2 class=\"wp-block-heading\" id=\"dongusel-donusum-icin-en-buyuk-destekciniz-evreka\">D\u00f6ng\u00fcsel D\u00f6n\u00fc\u015f\u00fcm \u0130\u00e7in En B\u00fcy\u00fck Destek\u00e7iniz: Evreka<\/h2>\n\n\n\n<p>Evreka, d\u00fcnyadaki s\u00fcrd\u00fcr\u00fclebilir b\u00fcy\u00fcme trendini do\u011fru okuyarak dijital at\u0131k y\u00f6netimi konusunda harekete ge\u00e7en bir \u015firket. ABD\u2019den Singapur\u2019a kadar d\u00fcnyan\u0131n her b\u00f6lgesinde 20&#8217;den fazla \u00fclkede \u00e7al\u0131\u015fan Evreka, hepsi bir arada ve u\u00e7tan uca entegre dijital at\u0131k y\u00f6netimi \u00e7\u00f6z\u00fcmleri sunuyor. #AlwaysBetter mottosuyla hareket eden \u015firket, yapay zeka teknolojileriyle d\u00f6ng\u00fcsel ekonomiye ge\u00e7i\u015finizi kolayla\u015ft\u0131r\u0131yor. D\u00f6ng\u00fcsel ekonomi T\u00fcrkiye politikalar\u0131 i\u00e7in de b\u00fcy\u00fck firmalarla ve kamu kurumlar\u0131yla bir araya gelen Evreka, son teknoloji \u00e7\u00f6z\u00fcmleriyle yeni ekonomi modeline ge\u00e7i\u015fi h\u0131zland\u0131r\u0131yor.<\/p>\n\n\n\n<p>Evreka Crew, bireyleri s\u00fcrece aktif bi\u00e7imde dahil etmekten, t\u00fcm operasyonlar\u0131n takibine kadar her \u015feyi dikkatlice planlayarak, maliyet ve zaman tasarrufu ile ger\u00e7ekle\u015ftirmenizi sa\u011fl\u0131yor. S\u0131f\u0131r karbon ve <a href=\"https:\/\/evreka.co\/tr\/blog\/atik-yonetiminde-yeni-bir-sayfa-sifir-atik\/\"><strong>s\u0131f\u0131r at\u0131k d<\/strong><\/a><a href=\"https:\/\/evreka.co\/tr\/blog\/atik-yonetiminde-yeni-bir-sayfa-sifir-atik\/\" target=\"_blank\" rel=\"noreferrer noopener\"><strong>\u00f6ng\u00fcsel ekonomi hedefleri<\/strong><\/a><strong> <\/strong>i\u00e7in h\u0131zlanman\u0131z\u0131 sa\u011flayacak Evreka \u00fcr\u00fcnlerini k\u0131saca incelemeye ne dersiniz?<\/p>\n\n\n\n<h3 class=\"wp-block-heading\" id=\"musteri-ve-vatandas-yonetimi\">M\u00fc\u015fteri ve Vatanda\u015f Y\u00f6netimi<\/h3>\n\n\n\n<p>Geri d\u00f6n\u00fc\u015f\u00fcm, azaltma ve yeniden kullan\u0131m i\u00e7in elzem ad\u0131mlardan biri de at\u0131klar\u0131 kayna\u011f\u0131nda ayr\u0131\u015ft\u0131rmak. Bu a\u015famada da en \u00f6nemli roller vatanda\u015flara ve m\u00fc\u015fterilere ait! At\u0131k \u00f6nleme ve ayr\u0131\u015ft\u0131rma konusunda bireysel bilinci art\u0131rmay\u0131 hedefleyen Evreka, <a href=\"https:\/\/evreka.co\/tr\/cozumler\/musteri-ve-vatandas-yonetimi\/\" title=\"M\u00fc\u015fteri ve Vatanda\u015f Y\u00f6netimi\"><strong>M\u00fc\u015fteri<\/strong> ve <strong>Vatanda\u015f Y\u00f6netimi<\/strong><\/a> Yaz\u0131l\u0131m\u0131 sayesinde:<\/p>\n\n\n\n<ul class=\"wp-block-list\"><li>Vatanda\u015flar anl\u0131k bilgi almak i\u00e7in konteynerleri g\u00f6r\u00fcnt\u00fcleyebilir ve at\u0131klar\u0131 kurallara uygun olarak ay\u0131rabilir.<\/li><li>M\u00fc\u015fteriler, taleplerini M\u00fc\u015fteri Portal\u0131 \u00fczerinden kolayca iletebilir ve t\u00fcm s\u00fcreci \u015feffaf bir \u015fekilde takip edebilir.<\/li><li>Y\u00f6neticiler, t\u00fcm istek ve geri bildirimleri tek bir ekranda g\u00f6rebilir ve planlar\u0131 g\u00fcncelleyebilir.<\/li><li>Vatanda\u015flar toplama g\u00fcnlerini, saatlerini ve plan de\u011fi\u015fiklikleri g\u00f6rebildi\u011fi gibi yeni bir hizmet talep de edebilir.<\/li><li>Planlama ve raporlama s\u00fcre\u00e7lerinin basitle\u015fmesi idari i\u015f y\u00fck\u00fcn\u00fc azalt\u0131rken, daha \u00e7evik, \u00f6zelle\u015ftirilebilir, yol g\u00f6sterici ve tasarruflu bir s\u00fcre\u00e7 ba\u015flat\u0131r.&nbsp;<\/li><\/ul>\n\n\n\n<h3 class=\"wp-block-heading\" id=\"konteyner-yonetimi\">Konteyner Y\u00f6netimi<\/h3>\n\n\n\n<p><strong><a href=\"https:\/\/evreka.co\/tr\/cozumler\/konteyner-yonetimi\/\" target=\"_blank\" rel=\"noreferrer noopener\" title=\"Konteyner Y\u00f6netimi\">Konteyner Y\u00f6netimi<\/a><\/strong>,<strong> <\/strong>at\u0131klar\u0131 kayna\u011f\u0131nda ay\u0131rman\u0131n tamamlay\u0131c\u0131 ad\u0131m\u0131d\u0131r: do\u011fru y\u00f6ntemlerle at\u0131k toplama. Yaz\u0131l\u0131mla entegre \u00e7al\u0131\u015fan <strong><a href=\"https:\/\/evreka.co\/tr\/cozumler\/konteyner-doluluk-sensoru\/\" target=\"_blank\" rel=\"noreferrer noopener\" title=\"Konteyner Doluluk Sens\u00f6r\u00fc\">Konteyner Doluluk Sens\u00f6r\u00fc<\/a><\/strong> sayesinde, \u00e7\u00f6p kutular\u0131n\u0131n doluluk durumu \u00f6\u011frenilir. Bu ger\u00e7ek zamanl\u0131 veriler \u0131\u015f\u0131\u011f\u0131nda g\u00fcnl\u00fck olarak optimize edilen rotalar olu\u015fturulur ve <a href=\"https:\/\/evreka.co\/tr\/cozumler\/filo-yonetimi\/\" target=\"_blank\" rel=\"noreferrer noopener\"><strong>Filo Y\u00f6netimi<\/strong><\/a> kontrol\u00fcyle toplama planlar\u0131 hayata ge\u00e7irilir. B\u00f6ylece en d\u00fc\u015f\u00fck maliyetle en y\u00fcksek performans\u0131 elde etmek m\u00fcmk\u00fcn hale gelir. Bu sayede:<\/p>\n\n\n\n<ul class=\"wp-block-list\"><li>Envanter kontrol\u00fc, hem eski hem de ger\u00e7ek zamanl\u0131 verilerle geli\u015ftirilir.<\/li><li>Konteyner hasar\u0131 ve kaybolma riski minimuma iner.<\/li><li>Y\u00f6neticiler, do\u011fru bak\u0131m stratejileri planlayabilir.<\/li><li>Doluluk, s\u0131cakl\u0131k ve konum de\u011fi\u015fikli\u011fi verileri anl\u0131k olarak \u00f6l\u00e7\u00fcld\u00fc\u011f\u00fc i\u00e7in beklenmedik durumlara an\u0131nda m\u00fcdahale edilebilir.<\/li><\/ul>\n\n\n\n<figure class=\"wp-block-image size-large\"><img loading=\"lazy\" decoding=\"async\" width=\"1024\" height=\"733\" src=\"https:\/\/evreka.co\/wp-content\/uploads\/2022\/08\/dongusel-donusum-rehberi-evreka-1024x733.jpg\" alt=\"d\u00f6ng\u00fcsel ekonomi modeli\" class=\"wp-image-37016\" srcset=\"https:\/\/evreka.co\/wp-content\/uploads\/2022\/08\/dongusel-donusum-rehberi-evreka-1024x733.jpg 1024w, https:\/\/evreka.co\/wp-content\/uploads\/2022\/08\/dongusel-donusum-rehberi-evreka-300x215.jpg 300w, https:\/\/evreka.co\/wp-content\/uploads\/2022\/08\/dongusel-donusum-rehberi-evreka-768x550.jpg 768w, https:\/\/evreka.co\/wp-content\/uploads\/2022\/08\/dongusel-donusum-rehberi-evreka-1536x1100.jpg 1536w, https:\/\/evreka.co\/wp-content\/uploads\/2022\/08\/dongusel-donusum-rehberi-evreka-2048x1466.jpg 2048w, https:\/\/evreka.co\/wp-content\/uploads\/2022\/08\/dongusel-donusum-rehberi-evreka-500x358.jpg 500w, https:\/\/evreka.co\/wp-content\/uploads\/2022\/08\/dongusel-donusum-rehberi-evreka-800x573.jpg 800w\" sizes=\"auto, (max-width: 1024px) 100vw, 1024px\" \/><\/figure>\n\n\n\n<h3 class=\"wp-block-heading\" id=\"atik-toplama-tesisi-mrf-yonetimi\">At\u0131k Toplama Tesisi (MRF) Y\u00f6netimi<\/h3>\n\n\n\n<p>D\u00f6ng\u00fcsel ekonominin temeli olan geri d\u00f6n\u00fc\u015f\u00fcm ve geri kazan\u0131m eylemlerinizi geli\u015ftirmek istiyorsan\u0131z, do\u011fru yerdesiniz! Evreka <strong><a href=\"https:\/\/evreka.co\/tr\/cozumler\/atik-toplama-tesisi-yonetimi\/\" target=\"_blank\" rel=\"noreferrer noopener\" title=\"At\u0131k Toplama Tesisi Y\u00f6netimi\">At\u0131k Toplama Tesisi Y\u00f6netimi<\/a><\/strong>, malzeme geri kazan\u0131m tesislerindeki kar\u0131\u015f\u0131kl\u0131\u011f\u0131 sona erdirmek ve her ayr\u0131nt\u0131y\u0131 planlamak i\u00e7in \u00f6zel olarak tasarland\u0131. Bu mod\u00fcl ile:<\/p>\n\n\n\n<ul class=\"wp-block-list\"><li>Tesislerdeki en b\u00fcy\u00fck sorun olan takip, t\u00fcm verilerin anl\u0131k olarak g\u00f6r\u00fcnt\u00fclenebilmesiyle \u00e7\u00f6z\u00fcl\u00fcr.<\/li><li>\u00c7e\u015fitli malzemelere, varl\u0131klara ve di\u011fer kaynaklara g\u00f6re \u00f6zelle\u015ftirilen faaliyetler ayarlan\u0131r.<\/li><li>Y\u00f6neticiler, tedarik ve sevkiyat lojisti\u011fini en \u00fcst d\u00fczeye \u00e7\u0131karabilir.<\/li><li>T\u00fcm \u00f6zellikler bir mobil uygulamada birle\u015fir.<\/li><\/ul>\n\n\n\n<h3 class=\"wp-block-heading\" id=\"operasyon-yonetimi\">Operasyon Y\u00f6netimi<\/h3>\n\n\n\n<p>Neredeyse t\u00fcm Evreka \u00e7\u00f6z\u00fcmlerini bir araya toplayan yaz\u0131l\u0131m\u0131 tan\u0131man\u0131n zaman\u0131 geldi: <strong><a href=\"https:\/\/evreka.co\/tr\/cozumler\/operasyon-yonetimi\/\" target=\"_blank\" rel=\"noreferrer noopener\">Operasyon Y\u00f6netimi<\/a><\/strong>. Tan\u0131tt\u0131\u011f\u0131m\u0131z \u00e7\u00f6z\u00fcmlerin yan\u0131 s\u0131ra, <a href=\"https:\/\/evreka.co\/tr\/cozumler\/personel-yonetimi\/\" target=\"_blank\" rel=\"noreferrer noopener\" title=\"Personel Y\u00f6netimi\"><strong>Personel Y\u00f6netimi<\/strong><\/a> ve \u00f6zel sekt\u00f6r i\u00e7in kurtar\u0131c\u0131 say\u0131lan <a href=\"https:\/\/evreka.co\/tr\/cozumler\/epr-ve-pro-icin-atik-yonetimi\/\" target=\"_blank\" rel=\"noreferrer noopener\"><strong>EPR Y\u00f6netimi<\/strong><\/a> gibi di\u011fer \u00e7\u00f6z\u00fcmlerin verilerini de i\u00e7eren bu mod\u00fcl sayesinde:<\/p>\n\n\n\n<ul class=\"wp-block-list\"><li>Y\u00f6neticiler; vatanda\u015flardan, m\u00fc\u015fterilerden, \u00e7al\u0131\u015fanlardan, filolardan ve varl\u0131klardan gelen t\u00fcm geri bildirimleri bir g\u00f6sterge panosunda g\u00f6r\u00fcnt\u00fcleyebilir.<\/li><li>Raporlama ve mobil uygulama ile do\u011fru stratejilerin olu\u015fturulmas\u0131 kolayla\u015f\u0131r.<\/li><li>Gerekti\u011finde \u00f6nemli de\u011fi\u015fiklikler yap\u0131labilir.<\/li><li>Her ad\u0131mda operasyonel m\u00fckemmellik sa\u011flan\u0131r.<\/li><\/ul>\n\n\n\n<h3 class=\"wp-block-heading\" id=\"evreka\">Evreka<\/h3>\n\n\n\n<p><strong><a href=\"https:\/\/evreka.co\/tr\/evreka-materials\/\" target=\"_blank\" rel=\"noreferrer noopener\">Evreka<\/a>, <\/strong>\u00e7evre ve at\u0131k y\u00f6netimi konusunda uzmanla\u015fan ekibiyle S\u0131f\u0131r At\u0131k Projeleri, \u0130leri D\u00f6n\u00fc\u015f\u00fcm ve S\u00fcrd\u00fcr\u00fclebilirlik Projeleri, S\u00fcrd\u00fcr\u00fclebilir At\u0131k Y\u00f6netimi ba\u015fta olmak \u00fczere \u00e7evreye y\u00f6nelik pek \u00e7ok alanda m\u00fc\u015fterilerin ihtiya\u00e7lar\u0131na \u00f6zel \u00e7\u00f6z\u00fcmler geli\u015ftiriyor. D\u00f6ng\u00fcsel ekonomi modeli ve mevzuatlara uyumlu bir at\u0131k y\u00f6netimi sisteminin her \u015fey dahil \u00e7\u00f6z\u00fcmlerle bir araya getirilmesi ve u\u00e7tan uca kontrol\u00fc art\u0131k \u00e7ok kolay!<\/p>\n\n\n\n<figure class=\"wp-block-pullquote\"><blockquote><p>D\u00f6ng\u00fcsel ekonomi hamleleri i\u00e7in s\u00fcrd\u00fcr\u00fclebilir ve verimli bir at\u0131k y\u00f6netimi altyap\u0131s\u0131na ihtiyac\u0131n\u0131z olacak. \u0130htiya\u00e7lar\u0131n\u0131za y\u00f6nelik kurgulanm\u0131\u015f en uygun \u00e7\u00f6z\u00fcmler i\u00e7in Evreka ile <strong><a href=\"https:\/\/evreka.co\/tr\/demo-talebi\/\" target=\"_blank\" rel=\"noreferrer noopener\">bug\u00fcn ileti\u015fime ge\u00e7in<\/a><\/strong>!<\/p><\/blockquote><\/figure>\n","protected":false},"excerpt":{"rendered":"<p>\u00d6yle bir \u00e7a\u011fda ya\u015f\u0131yoruz ki, fazla t\u00fcketim bir norma d\u00f6n\u00fc\u015ft\u00fc, \u201c\u0130htiyac\u0131n kadar kullan\u201d c\u00fcmlesi de bir uyar\u0131ya. \u0130kinci D\u00fcnya Sava\u015f\u0131 sonras\u0131nda patlayan ekonomik geli\u015fim, fazla t\u00fcketimi bir ihtiyaca ve sosyal stat\u00fc simgesi haline getirdi. Ancak s\u0131n\u0131r tan\u0131mayan ve d\u00fcnyan\u0131n belli kesimlerini refaha bo\u011fan bu durum, hepimizi tehdit etmeye ba\u015flad\u0131. T\u00fcketim h\u0131z\u0131 b\u00f6yle devam ederse 2030\u2019da [&hellip;]<\/p>\n","protected":false},"author":31,"featured_media":36994,"comment_status":"closed","ping_status":"closed","sticky":false,"template":"","format":"standard","meta":{"content-type":"","om_disable_all_campaigns":false,"inline_featured_image":false,"_monsterinsights_skip_tracking":false,"_monsterinsights_sitenote_active":false,"_monsterinsights_sitenote_note":"","_monsterinsights_sitenote_category":0,"footnotes":""},"categories":[5],"tags":[714,260,347,914,1385,1384,1064,1382,1386,1081,1383,1387,1381,1376,1375,1377,1360,1374,1361,1378,1379,934,1373,1380,1388,955],"class_list":["post-36988","post","type-post","status-publish","format-standard","has-post-thumbnail","hentry","category-genel","tag-atik-ve-geri-donusum","tag-atik-yonetim-yazilimi","tag-atik-yonetimi","tag-atiklarin-geri-donusume-kazandirilmasi","tag-dogrusal-ekonomi-ornekleri","tag-dogrusal-ve-dongusel-ekonomi","tag-dongusel-ekonomi","tag-dongusel-ekonomi-ab-paketi","tag-dongusel-ekonomi-icin-yapilan-projeler","tag-dongusel-ekonomi-modeli","tag-dongusel-ekonomi-nedir","tag-dongusel-ekonomi-paketi-temel-eylem-alanlari","tag-dongusel-ekonomi-turkiye-politikalari","tag-epr-yonetimi","tag-evreka-materials","tag-extended-producer-responsibility-2","tag-filo-yonetimi","tag-konteyner-doluluk-sensoru","tag-konteyner-yonetimi","tag-mrf-yonetimi","tag-musteri-ve-vatandas-yonetimi","tag-operasyon-yonetimi","tag-personel-yonetimi","tag-sifir-atik-dongusel-ekonomi","tag-surdurulebilir-sanayi-ve-dongusel-ekonomi","tag-surdurulebilirlik"],"acf":[],"_links":{"self":[{"href":"https:\/\/evreka.co\/tr\/wp-json\/wp\/v2\/posts\/36988","targetHints":{"allow":["GET"]}}],"collection":[{"href":"https:\/\/evreka.co\/tr\/wp-json\/wp\/v2\/posts"}],"about":[{"href":"https:\/\/evreka.co\/tr\/wp-json\/wp\/v2\/types\/post"}],"author":[{"embeddable":true,"href":"https:\/\/evreka.co\/tr\/wp-json\/wp\/v2\/users\/31"}],"replies":[{"embeddable":true,"href":"https:\/\/evreka.co\/tr\/wp-json\/wp\/v2\/comments?post=36988"}],"version-history":[{"count":7,"href":"https:\/\/evreka.co\/tr\/wp-json\/wp\/v2\/posts\/36988\/revisions"}],"predecessor-version":[{"id":39045,"href":"https:\/\/evreka.co\/tr\/wp-json\/wp\/v2\/posts\/36988\/revisions\/39045"}],"wp:featuredmedia":[{"embeddable":true,"href":"https:\/\/evreka.co\/tr\/wp-json\/wp\/v2\/media\/36994"}],"wp:attachment":[{"href":"https:\/\/evreka.co\/tr\/wp-json\/wp\/v2\/media?parent=36988"}],"wp:term":[{"taxonomy":"category","embeddable":true,"href":"https:\/\/evreka.co\/tr\/wp-json\/wp\/v2\/categories?post=36988"},{"taxonomy":"post_tag","embeddable":true,"href":"https:\/\/evreka.co\/tr\/wp-json\/wp\/v2\/tags?post=36988"}],"curies":[{"name":"wp","href":"https:\/\/api.w.org\/{rel}","templated":true}]}}