{"id":33554,"date":"2022-05-05T13:15:28","date_gmt":"2022-05-05T10:15:28","guid":{"rendered":"https:\/\/evreka.co\/?p=33554"},"modified":"2022-11-18T10:50:26","modified_gmt":"2022-11-18T07:50:26","slug":"sifir-atiksiz-bir-yasam-mumkun-mu","status":"publish","type":"post","link":"https:\/\/evreka.co\/tr\/blog\/sifir-atiksiz-bir-yasam-mumkun-mu\/","title":{"rendered":"S\u0131f\u0131r At\u0131ks\u0131z Bir Ya\u015fam M\u00fcmk\u00fcn M\u00fc?"},"content":{"rendered":"\n<p>S\u0131f\u0131r At\u0131k Y\u00f6netim Sistemi do\u011frultusunda yap\u0131lan tan\u0131ma g\u00f6re s\u0131f\u0131r at\u0131k, \u201c\u0130sraf\u0131n \u00f6nlenmesini, kaynaklar\u0131n daha verimli kullan\u0131lmas\u0131n\u0131, at\u0131k olu\u015fum sebeplerinin g\u00f6zden ge\u00e7irilerek at\u0131k olu\u015fumunun engellenmesi veya minimize edilmesini, at\u0131\u011f\u0131n olu\u015fmas\u0131 durumunda ise kayna\u011f\u0131nda ayr\u0131 toplanmas\u0131 ve geri kazan\u0131m\u0131n\u0131n sa\u011flanmas\u0131n\u0131&#8221; kapsayan bir at\u0131k y\u00f6netim felsefesi. <\/p>\n\n\n\n<p>Bu yakla\u015f\u0131m sayesinde:<\/p>\n\n\n\n<ul class=\"wp-block-list\"><li>At\u0131k miktar\u0131 azal\u0131p geri d\u00f6n\u00fc\u015f\u00fcm oran\u0131 artar.<\/li><li>\u00c7evresel felaket riski azal\u0131r.<\/li><li>Ekonomi i\u00e7in katma de\u011fer yarat\u0131l\u0131r.<\/li><li>\u00dcretim maliyetleri azal\u0131r.<\/li><li>Bu yakla\u015f\u0131m\u0131 benimseyen markalar\u0131n prestiji artar.<\/li><\/ul>\n\n\n\n<h2 class=\"wp-block-heading\" id=\"sifir-atik-icin-neler-yapilabilir\">S\u0131f\u0131r At\u0131k \u0130\u00e7in Neler Yap\u0131labilir?<\/h2>\n\n\n\n<p>\u0130klim kriziyle m\u00fccadelede bilin\u00e7li bir t\u00fcketim veya s\u0131f\u0131r at\u0131ks\u0131z bir ya\u015fama ge\u00e7i\u015f art\u0131k elzem hale geldi. K\u0131saca bu \u00e7abaya bir var olma m\u00fccadelesi de diyebiliriz. Bu m\u00fccadelenin bir par\u00e7as\u0131 olan s\u0131f\u0131r at\u0131k uygulamalar\u0131 i\u00e7in temel ama\u00e7, d\u00fcnya \u00fczerindeki her \u015feyin dengesini ve d\u00fczenini bozmadan b\u00fct\u00fcnc\u00fcl iyili\u011fini korumak. Bu ama\u00e7 do\u011frultusunda sade ve kendi kendine yetebilen bir ya\u015fam vaadine ne dersiniz?<\/p>\n\n\n\n<p>Mesela k\u0131yafet dolab\u0131n\u0131za bak\u0131n. \u00c7o\u011fu k\u0131yafeti ya bir kere giymi\u015f ya da hi\u00e7 giymemi\u015fsinizdir. Bir davet ya da i\u015f g\u00f6r\u00fc\u015fmesi olursa diye ald\u0131\u011f\u0131n\u0131z par\u00e7alar\u0131 d\u00fc\u015f\u00fcn\u00fcn. \u015eimdi de gidip \u00e7\u00f6p kutunuza bak\u0131n. Bak\u0131n bakal\u0131m, neler var i\u00e7inde?<\/p>\n\n\n\n<p>Ne demi\u015f atalar\u0131m\u0131z \u201cAz\u0131 karar \u00e7o\u011fu zarar\u201d. Evlerimizdeki her fazlal\u0131k hayat\u0131m\u0131z\u0131 kolayla\u015ft\u0131rman\u0131n aksine zorla\u015ft\u0131r\u0131yor fark etmesek de.<\/p>\n\n\n\n<p>T\u00fcrkiye\u2019de kat\u0131 at\u0131klar\u0131n y\u0131lda<strong> <a href=\"https:\/\/data.tuik.gov.tr\/Bulten\/Index?p=Atik-Istatistikleri-2020-37198\" target=\"_blank\" rel=\"noreferrer noopener nofollow\">32 milyon ton<\/a><\/strong>a ula\u015ft\u0131\u011f\u0131n\u0131 g\u00f6r\u00fcyoruz. Oysa y\u0131lda 31 milyon ton at\u0131k ile y\u0131ll\u0131k <a href=\"https:\/\/sifiratik.gov.tr\/sifir-atik\/sifir-atik-nedir\" target=\"_blank\" rel=\"noreferrer noopener nofollow\"><strong>13 milyar TL<\/strong><\/a><strong> <\/strong>katma de\u011fer kazanabiliriz. Bu&nbsp;sayede 69 milyon metrek\u00fcp daha az su kullan\u0131lmas\u0131 ve 20 milyar kwh daha d\u00fc\u015f\u00fck enerji kullan\u0131m\u0131 da cabas\u0131! Bu m\u00fccadeleye nereden ba\u015flayaca\u011f\u0131n\u0131 bilmeyenleri buraya alal\u0131m ve haydi ba\u015flayal\u0131m.<\/p>\n\n\n\n<h2 class=\"wp-block-heading\" id=\"peki-ne-yapabilirsiniz\">Peki Ne Yapabilirsiniz?<\/h2>\n\n\n\n<p>Haz\u0131rsan\u0131z, s\u0131f\u0131r at\u0131ks\u0131z ya\u015fam tarifini veriyoruz!<\/p>\n\n\n\n<ul class=\"wp-block-list\"><li>\u00d6ncelikle t\u00fcketim al\u0131\u015fkanl\u0131klar\u0131n\u0131z\u0131 g\u00f6zden ge\u00e7irmekle ba\u015flayabilirsiniz. Al\u0131\u015fveri\u015f yaparken d\u00fcnyadaki di\u011fer canl\u0131lara kar\u015f\u0131 olan sorumluluklar\u0131m\u0131z\u0131 tekrar d\u00fc\u015f\u00fcnmemiz gerekiyor. Bu y\u00fczden do\u011fa dostu tercihler yapmal\u0131s\u0131n\u0131z. Alacaklar\u0131n\u0131z yerel \u00fcreticilerden tedarik edilmi\u015f ve etik \u015fartlarda \u00fcretilmi\u015f olmal\u0131.<\/li><li>\u00c7ocuklar\u0131n erken ya\u015fta s\u0131f\u0131r at\u0131k bilincine eri\u015fmesi \u00e7ok \u00f6nemli. \u00d6rne\u011fin, bu kapsamda okullarda 1946 y\u0131l\u0131ndan itibaren kutlanan Tutum, Yat\u0131r\u0131m ve T\u00fcrk Mallar\u0131 Haftas\u0131 kapsam\u0131nda etkinlikler planlanmas\u0131na \u00f6zen g\u00f6sterilmeli.<\/li><li>Paketlenmi\u015f \u00fcr\u00fcnlerden uzak durmal\u0131s\u0131n\u0131z. Yerel \u00fcreticilerden alaca\u011f\u0131n\u0131z paketsiz \u00fcr\u00fcnlerle hem ambalaj at\u0131\u011f\u0131n\u0131 \u00f6nlemi\u015f olursunuz hem de \u00e7ift\u00e7ileri destekleyerek yerel ekonomiye katk\u0131da bulunursunuz. Ayn\u0131 zamanda \u00fcreticilerle de bir ba\u011f kurmu\u015f olursunuz.<\/li><li>Tek kullan\u0131ml\u0131k plastik pipet ve bardak gibi nesneleri kullanmay\u0131 reddedin. Tekrar kullan\u0131labilir \u00fcr\u00fcnlere yapaca\u011f\u0131n\u0131z bir yat\u0131r\u0131m bile d\u00fcnya ekosistemini ve uzun vadede ev ekonominizi koruyacak.<\/li><\/ul>\n\n\n\n<figure class=\"wp-block-gallery has-nested-images columns-default is-cropped wp-block-gallery-1 is-layout-flex wp-block-gallery-is-layout-flex\">\n<figure class=\"wp-block-image size-large\"><img decoding=\"async\" data-id=\"33500\" src=\"https:\/\/evreka.co\/wp-content\/uploads\/2022\/05\/volodymyr-hryshchenko-LHE9c_va1f8-unsplash-1.jpg\" alt=\"s\u0131f\u0131r at\u0131k proje \u00f6rnekleri\" class=\"wp-image-33500\"\/><\/figure>\n<\/figure>\n\n\n\n<h2 class=\"wp-block-heading\" id=\"sifir-atik-hiyerarsi-piramidi\">S\u0131f\u0131r At\u0131k Hiyerar\u015fi Piramidi<\/h2>\n\n\n\n<p>S\u0131f\u0131r at\u0131k ya\u015fam\u0131n\u0131 hayata ge\u00e7irmenin yolu 5R kural\u0131ndan ge\u00e7iyor:<\/p>\n\n\n\n<ul class=\"wp-block-list\"><li><strong>Refuse (reddet):<\/strong> S\u0131f\u0131r at\u0131k piramidindeki ilk ve en \u00f6nemli hareket. Etraf\u0131m\u0131z t\u00fcketimi destekleyen onca reklamla \u00e7evreliyken bunu yapmak ger\u00e7ekten zor ama d\u00fcnyan\u0131n gelece\u011fi i\u00e7in harekete ge\u00e7mek zorunday\u0131z. At\u0131k olu\u015fturmay\u0131 engellemek de en \u00f6nemlisi. \u0130thal ve etik \u015fartlarda \u00fcretilmemi\u015f \u00fcr\u00fcnleri kullanmay\u0131 reddedin.<\/li><\/ul>\n\n\n\n<ul class=\"wp-block-list\"><li><strong>Reduce (Azalt):<\/strong> \u201cAcaba almasam olur mu?\u201d sorusunu sormak&nbsp;size bu konuda \u00e7ok yard\u0131mc\u0131 olacak.&nbsp;<\/li><\/ul>\n\n\n\n<ul class=\"wp-block-list\"><li><strong>Reuse (Yeniden Kullan):<\/strong> Al, kullan ve at yakla\u015f\u0131m\u0131na son! T\u00fcketiciler olarak \u00f6nceli\u011fimiz her zaman \u00e7\u00f6pe g\u00f6nderilen at\u0131\u011f\u0131 azaltmak olmal\u0131. 2020 T\u00dc\u0130K istatistiklerine g\u00f6re T\u00fcrkiye&#8217;deki at\u0131k miktar\u0131 104,8 milyon ton olarak hesapland\u0131 ve bunun sadece 49,1 milyon tonu at\u0131k i\u015fleme tesislerinde i\u015flendi. Yani geri d\u00f6n\u00fc\u015f\u00fcm de asl\u0131nda tam olarak arzu etti\u011fimiz durum de\u011fil. Bir \u00fcr\u00fcn\u00fc tekrar kullanmak, de\u011fer s\u00fcresini uzatmak anlam\u0131na geliyor. \u00dcr\u00fcn\u00fc birden fazla g\u00f6revde kullanarak i\u015flevselli\u011fini art\u0131rmak \u00f6nem kazan\u0131yor. \u00dcstelik tamamen sizin yarat\u0131c\u0131l\u0131\u011f\u0131n\u0131za ba\u011fl\u0131!<\/li><\/ul>\n\n\n\n<ul class=\"wp-block-list\"><li><strong>Rot (Kompost Yap):<\/strong> Kompost dedi\u011fimiz \u015fey temel olarak evimizden \u00e7\u0131kan organik at\u0131klar\u0131n topra\u011f\u0131n dengesini korur ve bitkiler i\u00e7in daha verimli olmas\u0131n\u0131 sa\u011flar. E\u011fer bah\u00e7eniz varsa g\u00f6n\u00fcl rahatl\u0131\u011f\u0131yla bu y\u00f6ntem sayesinde b\u00fct\u00e7enizi koruyabilirsiniz. &#8220;B\u00fcy\u00fck bah\u00e7em, balkonum yok&#8221; demek bir ka\u00e7\u0131\u015f olmas\u0131n \u00e7\u00fcnk\u00fc her ya\u015fam tarz\u0131na uygun bir kompost t\u00fcr\u00fc var: Solucan, boka\u015fi, so\u011fuk ve s\u0131cak kompost\u2026 Bu konuda daha fazla bilgi edinmek i\u00e7in Bu\u011fday Derne\u011fi\u2019nin <strong><a href=\"http:\/\/www.bugday.org\/portal\/galeri\/dosyalar\/KompostRehber_SON.pdf\" target=\"_blank\" rel=\"noreferrer noopener nofollow\">Kompost Rehberi<\/a><\/strong>\u2019ni incelemenizi \u00f6neririz.<\/li><\/ul>\n\n\n\n<ul class=\"wp-block-list\"><li><strong>Recycle (Geri D\u00f6n\u00fc\u015f\u00fcm): <\/strong>Enerji ve kaynak kullan\u0131m\u0131ndan dolay\u0131 en az istenen durum. Kendin Yap (DIY) projelerini duymu\u015f muydunuz? Bu ya\u015fam bi\u00e7iminde ayn\u0131 zamanda kendi \u00fcr\u00fcn\u00fcn\u00fcz\u00fc yapmay\u0131 \u00f6\u011freniyorsunuz. \u201cAcaba kendim yapabilir miyim?\u201d sorusunu kendinize sormal\u0131s\u0131n\u0131z. \u0130\u00e7ine ne katt\u0131\u011f\u0131n\u0131z\u0131 bilerek huzurla bir \u00fcr\u00fcn\u00fc t\u00fcketebilirsiniz. Hem de t\u00fcretici bir vatanda\u015f olursunuz. Art\u0131k tam anlam\u0131yla \u00f6zg\u00fcr bir bireysiniz. Tek gerekli malzeme biraz yarat\u0131c\u0131l\u0131k!<\/li><\/ul>\n\n\n\n<p>E\u011fer akl\u0131n\u0131za bir hafta sonu aktivitesi gelmediyse ve anlatt\u0131klar\u0131m\u0131za bir an \u00f6nce ba\u015flamak istiyorsan\u0131z, <strong><a href=\"https:\/\/evreka.co\/blog\/12-simple-and-creative-scrap-wood-projects\/\" target=\"_blank\" rel=\"noreferrer noopener\" title=\"at\u0131k ah\u015fap malzemelerle ilgili projeler\">at\u0131k ah\u015fap malzemelerle ilgili projeler<\/a><\/strong> i\u00e7in fikir alabilirsiniz. Peki i\u015fletmelerde durum ne? S\u0131f\u0131r at\u0131k uygulamalar\u0131n\u0131 hayata ge\u00e7irmek i\u00e7in S\u0131f\u0131r At\u0131k Belgesi nas\u0131l al\u0131nabilir?<\/p>\n\n\n\n<figure class=\"wp-block-image size-full\"><img decoding=\"async\" src=\"https:\/\/evreka.co\/wp-content\/uploads\/2022\/05\/stefan-fluck-F51HmfRhLdc-unsplash.jpg\" alt=\"s\u0131f\u0131r at\u0131k belgesi nas\u0131l al\u0131n\u0131r\" class=\"wp-image-33508\"\/><\/figure>\n\n\n\n<h2 class=\"wp-block-heading\" id=\"sifir-atik-belgesi-nasil-alinir\">S\u0131f\u0131r At\u0131k Belgesi Nas\u0131l Al\u0131n\u0131r?<\/h2>\n\n\n\n<p>S\u0131f\u0131r at\u0131k belgesini almak i\u00e7in S\u0131f\u0131r At\u0131k Bilgi Sistemi\u2019nde ba\u015fvuru olu\u015fturmal\u0131s\u0131n\u0131z. Sonras\u0131nda S\u0131f\u0131r At\u0131k Y\u00f6netmeli\u011fi kapsam\u0131nda \u00c7evre ve \u015eehircilik \u0130l M\u00fcd\u00fcrl\u00fckleri taraf\u0131ndan yetkilendirilmi\u015f kurumlardan belgeyi temin etmeniz m\u00fcmk\u00fcn.<\/p>\n\n\n\n<h2 class=\"wp-block-heading\" id=\"sifir-atik-sistemi-kurulum-adimlari\">S\u0131f\u0131r At\u0131k Sistemi Kurulum Ad\u0131mlar\u0131<\/h2>\n\n\n\n<p>Belediyeler ve okullar i\u00e7in k\u00fc\u00e7\u00fck farkl\u0131l\u0131klar olsa da s\u0131f\u0131r at\u0131k sistemi kurulu\u015fu temelde d\u00f6rt ad\u0131mda ger\u00e7ekle\u015fiyor.<\/p>\n\n\n\n<ul class=\"wp-block-list\"><li><strong>1-S\u0131f\u0131r At\u0131k Ekibinin Olu\u015fturulmas\u0131:<\/strong> Se\u00e7ilen ki\u015filer s\u0131f\u0131r at\u0131k y\u00f6netim sisteminin kurulmas\u0131n\u0131, geli\u015ftirilmesini, iyile\u015ftirilmesini ve verimli bir \u015fekilde uygulanmas\u0131n\u0131 sa\u011flar.<\/li><li><strong>2-Toplama Altyap\u0131s\u0131n\u0131n Olu\u015fturulmas\u0131:<\/strong> \u0130kili toplama sistemi kapsam\u0131nda geri kazan\u0131labilir at\u0131klar i\u00e7in mavi, di\u011fer at\u0131klar i\u00e7in gri konteyner kullan\u0131l\u0131r. Ayr\u0131ca birinci s\u0131n\u0131f at\u0131k getirme merkezleri kurulur, cam kumbaralar\u0131 ve mobil at\u0131k getirme merkezleri yerle\u015ftirilir.<\/li><li><strong>3-At\u0131k Toplama Faaliyetlerinin Y\u00fcr\u00fct\u00fclmesi:<\/strong> Konutlar, i\u015f yerleri vb. yerlerden ikili toplama sistemi kapsam\u0131nda at\u0131klar\u0131n toplanmas\u0131, gerekli ekipman\u0131n temini ve toplanan at\u0131klar\u0131n geri d\u00f6n\u00fc\u015f\u00fcm tesislerine aktar\u0131lmas\u0131 i\u015flemleri bu a\u015famada yer al\u0131r.<\/li><li><strong>4-Tesis \u0130htiyac\u0131:<\/strong> Geri kazan\u0131labilir at\u0131klar\u0131n d\u00fczenli depolama tesislerine g\u00f6nderilmesi \u00f6nlenir.<\/li><\/ul>\n\n\n\n<p><a href=\"https:\/\/webdosya.csb.gov.tr\/db\/adana\/menu\/sifir-atik-belgesi-nasil-alinir_20200310090942.pdf\" target=\"_blank\" rel=\"noreferrer noopener nofollow\"><strong>S\u0131f\u0131r at\u0131k belgesi<\/strong><\/a>; temel, g\u00fcm\u00fc\u015f, alt\u0131n ve platin olmak \u00fczere d\u00f6rt seviyede d\u00fczenlenir. S\u0131f\u0131r at\u0131k y\u00f6netim sistemini kurmakla y\u00fck\u00fcml\u00fc yerle\u015fkeler ile mahalli idareler ilk a\u015famada temel seviyede s\u0131f\u0131r at\u0131k belgesi almakla y\u00fck\u00fcml\u00fcd\u00fcr. Ancak hem s\u0131f\u0131r at\u0131k i\u015flemlerini y\u00fcr\u00fctmek hem de faaliyetleri buna g\u00f6re tekrar organize etmek profesyonel destek almadan pek m\u00fcmk\u00fcn de\u011fil. Neyse ki, sekt\u00f6r\u00fcn en iyisi Evreka size s\u0131f\u0131r at\u0131k dan\u0131\u015fmanl\u0131\u011f\u0131 vermek ve operasyonlar\u0131n\u0131z\u0131 y\u00fcr\u00fctmek i\u00e7in yan\u0131n\u0131zda! Peki, Evreka\u2019n\u0131n s\u0131f\u0131r at\u0131k projeleri neler?<\/p>\n\n\n\n<h2 class=\"wp-block-heading\" id=\"evreka-sifir-atik-icin-bicilmis-kaftan\">Evreka S\u0131f\u0131r At\u0131k \u0130\u00e7in Bi\u00e7ilmi\u015f Kaftan<\/h2>\n\n\n\n<p>Evreka\u2019n\u0131n verimli bir at\u0131k y\u00f6netimi i\u00e7in sundu\u011fu \u00e7evre dostu \u00e7\u00f6z\u00fcmlerle her zaman bir ad\u0131m \u00f6ndesiniz!<\/p>\n\n\n\n<p>At\u0131k toplama a\u015famas\u0131nda kullan\u0131labilecek <a href=\"https:\/\/evreka.co\/tr\/cozumler\/konteyner-yonetimi\/\" target=\"_blank\" rel=\"noreferrer noopener\" title=\"Konteyner Y\u00f6netimi\"><strong>Konteyner Y\u00f6netimi<\/strong><\/a> ve <strong><a href=\"https:\/\/evreka.co\/tr\/cozumler\/konteyner-doluluk-sensoru\/\" target=\"_blank\" rel=\"noreferrer noopener\" title=\"Konteyner Doluluk Sens\u00f6r\u00fc\">Konteyner Doluluk Sens\u00f6r\u00fc<\/a><\/strong> sayesinde konteynerlerin durumunu \u00f6\u011freniyor, envanterinizi daha optimize bir \u015fekilde kontrol edebiliyorsunuz.<\/p>\n\n\n\n<p><a href=\"https:\/\/evreka.co\/tr\/cozumler\/operasyon-yonetimi\/\" target=\"_blank\" rel=\"noreferrer noopener\"><strong>Operasyon Y\u00f6netimi<\/strong><\/a> ile at\u0131k toplama i\u015fleminin t\u00fcm a\u015famalar\u0131n\u0131 kolayca izleyebiliyorsunuz. <strong><a href=\"https:\/\/evreka.co\/tr\/cozumler\/atik-toplama-tesisi-yonetimi\/\" target=\"_blank\" rel=\"noreferrer noopener\" title=\"At\u0131k Toplama Tesisi Y\u00f6netimi\">At\u0131k Toplama Tesisi Y\u00f6netimi<\/a><\/strong>, envanteri y\u00f6netmenize ve geri kazan\u0131m a\u015famas\u0131ndaki operasyonlar\u0131 kontrol etmenize imkan sa\u011fl\u0131yor.\u00a0<\/p>\n\n\n\n<p>K\u0131sacas\u0131 at\u0131k y\u00f6netimi ve&nbsp;toplama a\u015famas\u0131ndan geri kazan\u0131ma kadar sundu\u011fumuz detayl\u0131 \u00e7\u00f6z\u00fcmlerle Evreka&nbsp;s\u0131f\u0131r at\u0131k sistemiyle hep bir ad\u0131m \u00f6ndesiniz. Evreka\u2019n\u0131n son teknoloji at\u0131k y\u00f6netimi \u00e7\u00f6z\u00fcmleriyle ilgili daha fazla bilgi almak i\u00e7in bir <strong><a href=\"https:\/\/evreka.co\/tr\/demo-talebi\/\" target=\"_blank\" rel=\"noreferrer noopener\">demo talep<\/a><\/strong> etmeyi unutmay\u0131n!<\/p>\n\n\n\n<p>S\u0131f\u0131r At\u0131ks\u0131z Bir G\u00fcn Dile\u011fiyle,<\/p>\n","protected":false},"excerpt":{"rendered":"<p>S\u0131f\u0131r At\u0131k Y\u00f6netim Sistemi do\u011frultusunda yap\u0131lan tan\u0131ma g\u00f6re s\u0131f\u0131r at\u0131k, \u201c\u0130sraf\u0131n \u00f6nlenmesini, kaynaklar\u0131n daha verimli kullan\u0131lmas\u0131n\u0131, at\u0131k olu\u015fum sebeplerinin g\u00f6zden ge\u00e7irilerek at\u0131k olu\u015fumunun engellenmesi veya minimize edilmesini, at\u0131\u011f\u0131n olu\u015fmas\u0131 durumunda ise kayna\u011f\u0131nda ayr\u0131 toplanmas\u0131 ve geri kazan\u0131m\u0131n\u0131n sa\u011flanmas\u0131n\u0131&#8221; kapsayan bir at\u0131k y\u00f6netim felsefesi. Bu yakla\u015f\u0131m sayesinde: At\u0131k miktar\u0131 azal\u0131p geri d\u00f6n\u00fc\u015f\u00fcm oran\u0131 artar. \u00c7evresel felaket [&hellip;]<\/p>\n","protected":false},"author":31,"featured_media":33492,"comment_status":"closed","ping_status":"closed","sticky":false,"template":"","format":"standard","meta":{"content-type":"","om_disable_all_campaigns":false,"inline_featured_image":false,"_monsterinsights_skip_tracking":false,"_monsterinsights_sitenote_active":false,"_monsterinsights_sitenote_note":"","_monsterinsights_sitenote_category":0,"footnotes":""},"categories":[5],"tags":[1138,895,1137,1283,1282,1285,894,1284,1281,1139,647,1280],"class_list":["post-33554","post","type-post","status-publish","format-standard","has-post-thumbnail","hentry","category-genel","tag-geri-donusum-2","tag-sifir-atik","tag-sifir-atik-belgesi-2","tag-sifir-atik-belgesi-nasil-alinir","tag-sifir-atik-bilgi-sistemi","tag-sifir-atik-icin-neler-yapilabilir","tag-sifir-atik-nedir","tag-sifir-atik-proje-ornekleri","tag-sifir-atik-projeleri","tag-sifir-atik-sistemi","tag-sifir-atik-yonetim-sistemi","tag-sifir-atik-yonetmeligi-2"],"acf":[],"_links":{"self":[{"href":"https:\/\/evreka.co\/tr\/wp-json\/wp\/v2\/posts\/33554","targetHints":{"allow":["GET"]}}],"collection":[{"href":"https:\/\/evreka.co\/tr\/wp-json\/wp\/v2\/posts"}],"about":[{"href":"https:\/\/evreka.co\/tr\/wp-json\/wp\/v2\/types\/post"}],"author":[{"embeddable":true,"href":"https:\/\/evreka.co\/tr\/wp-json\/wp\/v2\/users\/31"}],"replies":[{"embeddable":true,"href":"https:\/\/evreka.co\/tr\/wp-json\/wp\/v2\/comments?post=33554"}],"version-history":[{"count":13,"href":"https:\/\/evreka.co\/tr\/wp-json\/wp\/v2\/posts\/33554\/revisions"}],"predecessor-version":[{"id":39090,"href":"https:\/\/evreka.co\/tr\/wp-json\/wp\/v2\/posts\/33554\/revisions\/39090"}],"wp:featuredmedia":[{"embeddable":true,"href":"https:\/\/evreka.co\/tr\/wp-json\/wp\/v2\/media\/33492"}],"wp:attachment":[{"href":"https:\/\/evreka.co\/tr\/wp-json\/wp\/v2\/media?parent=33554"}],"wp:term":[{"taxonomy":"category","embeddable":true,"href":"https:\/\/evreka.co\/tr\/wp-json\/wp\/v2\/categories?post=33554"},{"taxonomy":"post_tag","embeddable":true,"href":"https:\/\/evreka.co\/tr\/wp-json\/wp\/v2\/tags?post=33554"}],"curies":[{"name":"wp","href":"https:\/\/api.w.org\/{rel}","templated":true}]}}