{"id":28878,"date":"2022-01-02T13:42:21","date_gmt":"2022-01-02T10:42:21","guid":{"rendered":"https:\/\/evreka.co\/?p=28878"},"modified":"2022-10-14T12:45:22","modified_gmt":"2022-10-14T09:45:22","slug":"atik-tesislerinin-ve-uretim-tesislerinin-dijitallesmesi","status":"publish","type":"post","link":"https:\/\/evreka.co\/tr\/blog\/atik-tesislerinin-ve-uretim-tesislerinin-dijitallesmesi\/","title":{"rendered":"At\u0131k Tesisleri ve \u00dcretim Tesisleri i\u00e7in Dijital \u00c7\u00f6z\u00fcmler"},"content":{"rendered":"\n<p>Global \u00f6l\u00e7\u00fcde iklim krizinin etkilerinin artmas\u0131yla d\u00fcnya genelinde s\u00fcrd\u00fcr\u00fclebilir dijital \u00e7\u00f6z\u00fcmler \u00f6nem kazanmaya ba\u015flad\u0131. \u00d6zellikle at\u0131k y\u00f6netimi bu noktada \u00e7ok b\u00fcy\u00fck bir \u00f6nem ta\u015f\u0131yor. T\u00fcrkiye verilerine odaklanacak olursak sadece \u0130stanbul\u2019da bir g\u00fcnde <a href=\"https:\/\/www.sabah.com.tr\/yesilekran\/2012\/05\/23\/gunde-70-bin-ton-cop-atiyoruz#:~:text=%C4%B0stanbul%27da%20g%C3%BCnde%20yakla%C5%9F%C4%B1k%2015,%C3%BCzere%20ortalama%201.05%20olarak%20ger%C3%A7ekle%C5%9Fiyor\" target=\"_blank\" rel=\"noreferrer noopener nofollow\" title=\"https:\/\/www.sabah.com.tr\/yesilekran\/2012\/05\/23\/gunde-70-bin-ton-cop-atiyoruz#:~:text=%C4%B0stanbul%27da%20g%C3%BCnde%20yakla%C5%9F%C4%B1k%2015,%C3%BCzere%20ortalama%201.05%20olarak%20ger%C3%A7ekle%C5%9Fiyor\"><strong>yakla\u015f\u0131k 15 bin 500 ton<\/strong><\/a> at\u0131k olu\u015fturuluyor. Bu da sadece \u0130stanbul il s\u0131n\u0131rlar\u0131 i\u00e7inde ki\u015fi ba\u015f\u0131 1,2 kg&#8217;l\u0131k bir at\u0131k \u00fcretimine sebep veriyor. K\u00fcresel iklim krizinin negatif etkilerinin artmas\u0131na sebep olan at\u0131k \u00fcretimine kar\u015f\u0131 t\u00fcm d\u00fcnya verimli ve dijital \u00e7\u00f6z\u00fcmler ar\u0131yor. Bu sebeple de T\u00fcrkiye\u2019de kat\u0131 at\u0131k y\u00f6netimi son y\u0131llarda en \u00f6nemli konulardan biri haline geldi. Bu yaz\u0131m\u0131zda at\u0131k y\u00f6netiminin temel ta\u015flar\u0131ndan olan at\u0131k tesislerinin ve \u00fcretim tesislerinin dijital \u00e7\u00f6z\u00fcmler ile y\u00f6netilmesi \u00fczerinde duraca\u011f\u0131z. Haydi bu \u00f6nemli konuyu detaylar\u0131yla incelemeye ba\u015flayal\u0131m!<\/p>\n\n\n\n<figure class=\"wp-block-image size-full\"><img loading=\"lazy\" decoding=\"async\" width=\"7360\" height=\"4912\" src=\"https:\/\/evreka.co\/wp-content\/uploads\/2021\/12\/storage-on-waste-processing-plant-2021-09-24-03-52-27-utc-min-1.jpg\" alt=\"waste management\" class=\"wp-image-28851\"\/><\/figure>\n\n\n\n<h2 class=\"wp-block-heading\" id=\"atik-tesislerinin-dinamigi-ve-dijital-cozumler\">At\u0131k Tesislerinin Dinami\u011fi ve Dijital \u00c7\u00f6z\u00fcmler<\/h2>\n\n\n\n<p>At\u0131k i\u015fleme tesislerinin temelinde iki i\u015flevi bulunuyor. Birincisi sahadan at\u0131k toplama i\u015flemlerini ger\u00e7ekle\u015ftirmeleri, ikincisi ise baz\u0131 at\u0131k toplama firmalar\u0131ndan da tesislerine at\u0131k almalar\u0131. T\u00fcm bu i\u015flemler s\u0131ras\u0131nda girdi ve \u00e7\u0131kt\u0131lar\u0131n kontrol edilmesi, nereden, hangi tarihte ve hangi miktarda at\u0131k al\u0131nd\u0131\u011f\u0131n\u0131n detaylar\u0131n\u0131n d\u00fczenlenmesi ve d\u00fczenli bir \u015fekilde sisteme aktar\u0131lmas\u0131 gerekiyor. Bunun yan\u0131 s\u0131ra at\u0131k tesisleri i\u00e7erisindeki s\u00fcre\u00e7lerin de takip edilmesi gerekiyor. Ve bu s\u00fcre\u00e7lerin sonucunda hangi miktarda geri d\u00f6n\u00fc\u015ft\u00fcr\u00fclebilir hammadde elde edildi\u011fi, ne kadar maddenin bertaraf edildi\u011fi ve ne kadar maddenin geri kazand\u0131r\u0131ld\u0131\u011f\u0131 bilgilerinin kayd\u0131n\u0131n tutulmas\u0131 b\u00fcy\u00fck \u00f6nem arz ediyor.<\/p>\n\n\n\n<p>Peki bu s\u00fcre\u00e7ler boyunca, at\u0131k y\u00f6netim operasyonlar\u0131n\u0131 nas\u0131l ve hangi dijital \u00e7\u00f6z\u00fcmler ile verimli bir \u015fekilde ger\u00e7ekle\u015ftirebiliriz? Bu noktada Evreka <a href=\"https:\/\/evreka.co\/tr\/cozumler\/konteyner-yonetimi\/\" target=\"_blank\" rel=\"noreferrer noopener\" title=\"Konteyner Y\u00f6netimi\"><strong>Konteyner Y\u00f6netimi<\/strong><\/a> ve <a href=\"https:\/\/evreka.co\/tr\/cozumler\/operasyon-yonetimi\/\" target=\"_blank\" rel=\"noreferrer noopener\" title=\"https:\/\/evreka.co\/tr\/cozumler\/operasyon-yonetimi\/\"><strong>Operasyon Y\u00f6netimi<\/strong><\/a> olmak \u00fczere iki \u00e7ok \u00f6nemli dijital \u00e7\u00f6z\u00fcm\u00fc bize sunuyor. Bu iki verimli dijital \u00e7\u00f6z\u00fcme odaklanacak olursak ilk \u00f6nce varl\u0131k y\u00f6netimine de\u011finelim. At\u0131k y\u00f6netimi s\u00fcrecindeki kullan\u0131lan t\u00fcm \u00e7\u00f6p konteynerlar\u0131 ve \u00e7\u00f6p toplama ara\u00e7lar\u0131n\u0131n i\u015flevleri ve durumlar\u0131 ger\u00e7ek zamanl\u0131 verilerle sizlere aktar\u0131l\u0131yor. \u00c7\u00f6p konteyn\u0131rlar\u0131n\u0131n i\u00e7ine yerle\u015ftirilen sens\u00f6rler ile her an her yerden tek bir platform \u00fczerinden t\u00fcm varl\u0131klar\u0131n durumunu kontrol edebilir ve olas\u0131 bir kaza an\u0131nda erkenden m\u00fcdahale edebilirsiniz. Bu sayede zaman anlam\u0131nda ve maddi anlamda verimlilik sa\u011flam\u0131\u015f olursunuz. Mevcut stoklar\u0131n\u0131z\u0131 ve stok d\u0131\u015f\u0131 kalma ihtimallerini inceleyebilirsiniz. \u0130kinci dijital \u00e7\u00f6z\u00fcm olan operasyon y\u00f6netimi ile \u015firketinizin \u00fcretkenli\u011fini maksimize edebilirsiniz. Zaman kayb\u0131 olmadan t\u00fcm at\u0131k y\u00f6netimi operasyonlar\u0131n\u0131z\u0131 kontrol edebilir ve detayl\u0131 raporlara ula\u015fabilirsiniz. <a href=\"https:\/\/evreka.co\/tr\/blog\/atik-sektorunde-dijitallesmenin-faydalari\/\" target=\"_blank\" rel=\"noreferrer noopener\" title=\"https:\/\/evreka.co\/tr\/blog\/atik-sektorunde-dijitallesmenin-faydalari\/\"><strong>At\u0131k y\u00f6netimindeki dijital \u00e7\u00f6z\u00fcmlerin faydalar\u0131<\/strong><\/a> ile daha verimli ve pratik bir i\u015fleyi\u015f sizlere sunuluyor.<\/p>\n\n\n\n<p>Kat\u0131 at\u0131k d\u00f6n\u00fc\u015f\u00fcm tesislerinin \u00e7al\u0131\u015fma y\u00f6ntemlerine uygun olarak verimli ve etkin at\u0131k y\u00f6netimi \u00e7\u00f6z\u00fcmlerine entegre olan firmalar b\u00fcy\u00fck bir ba\u015far\u0131 sa\u011fl\u0131yor. Sadece firmalar de\u011fil ayn\u0131 zamanda T\u00fcrkiye genelinde bir\u00e7ok belediye Nev\u015fehir Belediyesi gibi dijital at\u0131k y\u00f6netimi \u00e7\u00f6z\u00fcmleri ile at\u0131k y\u00f6netim s\u00fcre\u00e7lerinde verimlilik sa\u011fl\u0131yorlar. Belediyelerin at\u0131k y\u00f6netimi ile ilgili detayl\u0131 bilgilere<strong> <a href=\"https:\/\/evreka.co\/tr\/blog\/kentsel-kati-atik-yonetimi-zorluklar-ve-cozumler\/\" target=\"_blank\" rel=\"noreferrer noopener\" title=\"https:\/\/evreka.co\/tr\/blog\/kentsel-kati-atik-yonetimi-zorluklar-ve-cozumler\/\">kentsel kat\u0131 at\u0131k y\u00f6netimi<\/a> <\/strong>yaz\u0131m\u0131zdan ula\u015fabilirsiniz! Haydi \u015fimdi \u00fcretim tesislerindeki dijital \u00e7\u00f6z\u00fcmlere de\u011finelim!<\/p>\n\n\n\n<figure class=\"wp-block-image size-full\"><img loading=\"lazy\" decoding=\"async\" width=\"7360\" height=\"4912\" src=\"https:\/\/evreka.co\/wp-content\/uploads\/2021\/12\/sorting-on-waste-recycling-plant-2021-09-24-03-52-18-utc-min.jpg\" alt=\"waste management\" class=\"wp-image-28867\"\/><\/figure>\n\n\n\n<h2 class=\"wp-block-heading\" id=\"evreka-nin-uretim-tesisleri-icin-dijital-cozumleri\">Evreka\u2019n\u0131n \u00dcretim Tesisleri i\u00e7in Dijital \u00c7\u00f6z\u00fcmleri<\/h2>\n\n\n\n<p>\u00dcretim tesislerindeki en temel zorluklardan biri bir\u00e7ok birimden olu\u015fmalar\u0131d\u0131r. Ve her bir birimden farkl\u0131 tipte at\u0131klar \u00e7\u0131kabiliyor. Bu farkl\u0131 tipteki at\u0131klar\u0131n y\u00f6netimi ve geri d\u00f6n\u00fc\u015ft\u00fcr\u00fclme s\u00fcreci de birbirinden farkl\u0131 \u015fekilde ger\u00e7ekle\u015fiyor. Buna ekstra olarak baz\u0131 \u00fcretim tesisleri birden \u00e7ok lokasyonda \u00fcretim yap\u0131yor ve bu s\u00fcre\u00e7 \u00e7e\u015fitli kar\u0131\u015f\u0131kl\u0131klara yol a\u00e7abiliyor. \u015eu an elde olan \u00e7\u00f6z\u00fcmler ile, merkezden hangi miktarda at\u0131\u011f\u0131n \u00e7\u0131kt\u0131\u011f\u0131 ve bu at\u0131\u011f\u0131n yolculu\u011fu denetlenemiyor. Bu sebeple de \u00fcretim tesislerinde <a href=\"https:\/\/evreka.co\/tr\/blog\/atik-yonetimi-icin-en-iyi-yazilim-ve-donanim-cozumleri\/\" target=\"_blank\" rel=\"noreferrer noopener\" title=\"https:\/\/evreka.co\/tr\/blog\/atik-yonetimi-icin-en-iyi-yazilim-ve-donanim-cozumleri\/\"><strong>dijital at\u0131k y\u00f6netimi \u00e7\u00f6z\u00fcmlerine<\/strong><\/a> ihtiya\u00e7 duyuluyor.<\/p>\n\n\n\n<p>Yukar\u0131da bahsetti\u011fimiz verimli ve dijital \u00e7\u00f6z\u00fcmleri ile pratik bir \u015fekilde hangi birimden hangi tip at\u0131\u011f\u0131n hangi s\u00fcre\u00e7lerle ne kadar \u00e7\u0131kt\u0131\u011f\u0131 tespit edilebiliyor. Ger\u00e7ek zamanl\u0131 anl\u0131k veriler ile tek bir platform \u00fczerinden at\u0131k y\u00f6netiminizi kolayl\u0131kla ger\u00e7ekle\u015ftirebilirsiniz. Dahas\u0131 <strong><a href=\"https:\/\/evreka.co\/tr\/blog\/atik-yonetimi-yazilimi-tum-zamanlarin-en-iyisi\/\" target=\"_blank\" rel=\"noreferrer noopener\" title=\"https:\/\/evreka.co\/tr\/blog\/atik-yonetimi-yazilimi-tum-zamanlarin-en-iyisi\/\">at\u0131k y\u00f6netimi yaz\u0131l\u0131m\u0131<\/a> <\/strong>ile \u00fcretim tesislerinde olu\u015fabilen ayr\u0131\u015ft\u0131rma noktas\u0131nda olas\u0131 yanl\u0131\u015fl\u0131klar\u0131 dijital ortamda direkt tespit edip raporlayabilirsiniz. Buna ek olarak yanl\u0131\u015fl\u0131klar\u0131n olu\u015ftu\u011fu ekibin tespit edilmesi size \u015firketinizde gerekli uyar\u0131lar\u0131 yaparak veya e\u011fitimler vererek at\u0131k y\u00f6netimi s\u00fcrecinizi en verimli \u015fekilde s\u00fcrd\u00fcrmenize imkan sa\u011fl\u0131yor. Evreka\u2019n\u0131n verimli dijital \u00e7\u00f6z\u00fcmleri sayesinde t\u00fcm operasyonlar\u0131n\u0131zda etkili sonu\u00e7lar elde edeceksiniz! Ayn\u0131 zamanda, geri d\u00f6n\u00fc\u015ft\u00fcr\u00fclebilir at\u0131klar\u0131n\u0131zdan kazand\u0131\u011f\u0131n\u0131z kar\u0131n artmas\u0131nda ve geri d\u00f6n\u00fc\u015ft\u00fcr\u00fclemeyen at\u0131klar\u0131n\u0131z\u0131n bertaraf edilmesinde \u00f6denen maliyetlerde de azaltma olacak. Bu sayede, pratik bir \u015fekilde \u015firketinizde zaman a\u00e7\u0131s\u0131ndan ve maddi a\u00e7\u0131dan verim sa\u011flam\u0131\u015f oluyorsunuz.<\/p>\n\n\n\n<p>E\u011fer siz de \u015firketinizin ileriye ge\u00e7mesine ve dijital \u00e7\u00f6z\u00fcmler ile verimlili\u011finizi maksimize etmeye haz\u0131rsan\u0131z, Evreka \u00e7\u00f6z\u00fcmlerini ka\u00e7\u0131rmay\u0131n! Son teknoloji <a href=\"https:\/\/evreka.co\/tr\/demo-talebi\/\" target=\"_blank\" rel=\"noreferrer noopener\" title=\"https:\/\/evreka.co\/tr\/demo-talebi\/\"><strong>dijital \u00e7\u00f6z\u00fcmlerimizi deneyimlemek <\/strong><\/a>ve bizlerle ileti\u015fime ge\u00e7mek i\u00e7in tek bir t\u0131k yeterli!<\/p>\n","protected":false},"excerpt":{"rendered":"<p>Global \u00f6l\u00e7\u00fcde iklim krizinin etkilerinin artmas\u0131yla d\u00fcnya genelinde s\u00fcrd\u00fcr\u00fclebilir dijital \u00e7\u00f6z\u00fcmler \u00f6nem kazanmaya ba\u015flad\u0131. \u00d6zellikle at\u0131k y\u00f6netimi bu noktada \u00e7ok b\u00fcy\u00fck bir \u00f6nem ta\u015f\u0131yor. T\u00fcrkiye verilerine odaklanacak olursak sadece \u0130stanbul\u2019da bir g\u00fcnde yakla\u015f\u0131k 15 bin 500 ton at\u0131k olu\u015fturuluyor. Bu da sadece \u0130stanbul il s\u0131n\u0131rlar\u0131 i\u00e7inde ki\u015fi ba\u015f\u0131 1,2 kg&#8217;l\u0131k bir at\u0131k \u00fcretimine sebep veriyor. [&hellip;]<\/p>\n","protected":false},"author":31,"featured_media":28067,"comment_status":"closed","ping_status":"closed","sticky":false,"template":"","format":"standard","meta":{"content-type":"","om_disable_all_campaigns":false,"inline_featured_image":false,"_monsterinsights_skip_tracking":false,"_monsterinsights_sitenote_active":false,"_monsterinsights_sitenote_note":"","_monsterinsights_sitenote_category":0,"footnotes":""},"categories":[5],"tags":[926,648,260,347,927,928],"class_list":["post-28878","post","type-post","status-publish","format-standard","has-post-thumbnail","hentry","category-genel","tag-atik-isleme-tesisleri","tag-atik-yonetim-uygulamasi","tag-atik-yonetim-yazilimi","tag-atik-yonetimi","tag-kati-atik-donusum-tesislerinin-calisma-yontemleri","tag-turkiyede-kati-atik-yonetimi"],"acf":[],"_links":{"self":[{"href":"https:\/\/evreka.co\/tr\/wp-json\/wp\/v2\/posts\/28878","targetHints":{"allow":["GET"]}}],"collection":[{"href":"https:\/\/evreka.co\/tr\/wp-json\/wp\/v2\/posts"}],"about":[{"href":"https:\/\/evreka.co\/tr\/wp-json\/wp\/v2\/types\/post"}],"author":[{"embeddable":true,"href":"https:\/\/evreka.co\/tr\/wp-json\/wp\/v2\/users\/31"}],"replies":[{"embeddable":true,"href":"https:\/\/evreka.co\/tr\/wp-json\/wp\/v2\/comments?post=28878"}],"version-history":[{"count":5,"href":"https:\/\/evreka.co\/tr\/wp-json\/wp\/v2\/posts\/28878\/revisions"}],"predecessor-version":[{"id":38639,"href":"https:\/\/evreka.co\/tr\/wp-json\/wp\/v2\/posts\/28878\/revisions\/38639"}],"wp:featuredmedia":[{"embeddable":true,"href":"https:\/\/evreka.co\/tr\/wp-json\/wp\/v2\/media\/28067"}],"wp:attachment":[{"href":"https:\/\/evreka.co\/tr\/wp-json\/wp\/v2\/media?parent=28878"}],"wp:term":[{"taxonomy":"category","embeddable":true,"href":"https:\/\/evreka.co\/tr\/wp-json\/wp\/v2\/categories?post=28878"},{"taxonomy":"post_tag","embeddable":true,"href":"https:\/\/evreka.co\/tr\/wp-json\/wp\/v2\/tags?post=28878"}],"curies":[{"name":"wp","href":"https:\/\/api.w.org\/{rel}","templated":true}]}}