{"id":27473,"date":"2021-11-25T12:12:19","date_gmt":"2021-11-25T09:12:19","guid":{"rendered":"https:\/\/evreka.co\/?p=27473"},"modified":"2023-12-27T15:53:23","modified_gmt":"2023-12-27T12:53:23","slug":"tekstil-atiklari-icin-dijital-cozumler","status":"publish","type":"post","link":"https:\/\/evreka.co\/tr\/blog\/tekstil-atiklari-icin-dijital-cozumler\/","title":{"rendered":"Tekstil At\u0131klar\u0131 i\u00e7in Dijital \u00c7\u00f6z\u00fcmler"},"content":{"rendered":"\n<p>G\u00fcndelik hayat\u0131n yap\u0131 ta\u015flar\u0131ndan biri olan tekstil \u00fcr\u00fcnleri \u00f6z\u00fcnde \u00e7ok b\u00fcy\u00fck miktarda at\u0131k soruna neden olmaktad\u0131r. \u00d6rne\u011fin, d\u00fcnya genelinde her bir birey y\u0131lda ortalama<strong> <a href=\"https:\/\/www.ihkib.org.tr\/tr\/bilgi-bankasi\/dunyadan-haberler\/hazirgiyim-ve-moda-sektoru-kuresel-atik-istatistikleri\/i-4453\" target=\"_blank\" rel=\"noreferrer noopener nofollow\">32 kg tekstil at\u0131\u011f\u0131<\/a><\/strong> olu\u015fturuyor. Bunun yan\u0131 s\u0131ra, tekstil \u00fcr\u00fcnlerinin \u00fcretilmesinde b\u00fcy\u00fck miktarlarda su kullan\u0131m\u0131 ger\u00e7ekle\u015fiyor. Ekstra olarak tekstil \u00fcr\u00fcnlerinin \u00fcretimi s\u0131ras\u0131nda b\u00fcy\u00fck \u00f6l\u00e7\u00fcde karbon sal\u0131n\u0131m\u0131 ger\u00e7ekle\u015fiyor. Ve bu karbon sal\u0131n\u0131m\u0131 iklim krizine katk\u0131da bulunarak daha temiz bir gelece\u011fin \u00f6n\u00fcn\u00fc kapat\u0131yor.&nbsp;<\/p>\n\n\n\n<p>Peki bu tekstil at\u0131klar\u0131 nelerdir? Tekstil at\u0131klar\u0131na kar\u015f\u0131 \u00e7\u00f6z\u00fcmler nelerdir? Tekstil at\u0131\u011f\u0131n\u0131n y\u00f6netimindeki dijitalle\u015fme s\u00fcreci nas\u0131l ilerliyor? Ve en \u00f6nemlisi ger\u00e7ek hayattan i\u015flevi olan bir verimli tekstil at\u0131\u011f\u0131 y\u00f6netimi s\u00fcreci nas\u0131l ilerliyor? T\u00fcm bu sorular\u0131n cevab\u0131 ve di\u011fer detaylar bu yaz\u0131m\u0131zda sizlere sunuldu.<\/p>\n\n\n\n<h2 class=\"wp-block-heading\" id=\"tekstil-atiklari-nelerdir\">Tekstil At\u0131klar\u0131 Nelerdir ?<\/h2>\n\n\n\n<p>Ba\u015flang\u0131\u00e7 olarak tekstil at\u0131klar\u0131 nelerdir, ve tekstil at\u0131k y\u00f6netiminde \u00f6nem verilmesi gerekilen konular nelerdir \u00fczerinde dural\u0131m. Tekstil at\u0131klar\u0131 iki gruba ayr\u0131labilir. Birinci grup, her g\u00fcn giydi\u011fimiz tekstil \u00fcr\u00fcnlerinin \u00fcretimi s\u0131ras\u0131nda ortaya \u00e7\u0131kan at\u0131klar. \u0130kinci grup ise, art\u0131k daha fazla giymedi\u011fimiz tekstil \u00fcr\u00fcnlerinin olu\u015fturdu\u011fu at\u0131k kategorisi. Bizim odak noktam\u0131z olan k\u0131s\u0131m, daha fazla kullan\u0131lmayan giysilerin ve ayakkab\u0131lar\u0131n i\u00e7inde oldu\u011fu at\u0131k grubu.&nbsp;<\/p>\n\n\n\n<p>Eskiyen veya daha fazla kullanmad\u0131\u011f\u0131m\u0131z giysilerimiz \u00e7\u00f6pe gidiyor fakat bu s\u00fcre\u00e7 nas\u0131l i\u015fliyor? At\u0131k y\u00f6netimi s\u0131ras\u0131nda verim al\u0131n\u0131yor mu? Tekstil at\u0131k y\u00f6netimi \u00e7\u00f6z\u00fcmleri dijitalle\u015fen g\u00fcn\u00fcm\u00fcze uyum sa\u011fl\u0131yor mu? Bu ve di\u011fer t\u00fcm sorular\u0131n cevab\u0131 bu de\u011ferli konuyu anlamak ve gelece\u011fe daha temiz bir d\u00fcnya b\u0131rakmak i\u00e7in b\u00fcy\u00fck \u00f6nem ta\u015f\u0131yor.<\/p>\n\n\n\n<figure class=\"wp-block-image size-full\"><img loading=\"lazy\" decoding=\"async\" width=\"6720\" height=\"4480\" src=\"https:\/\/evreka.co\/wp-content\/uploads\/2021\/11\/woman-sorting-waste-in-bins-2021-08-28-09-01-41-utc-min-1.jpg\" alt=\"tekstil at\u0131klar\u0131\n\" class=\"wp-image-27490\"\/><\/figure>\n\n\n\n<h2 class=\"wp-block-heading\" id=\"tekstil-atiklari-dijitallesiyor\">Tekstil At\u0131klar\u0131 Dijitalle\u015fiyor<\/h2>\n\n\n\n<p>Tekstil at\u0131klar\u0131n\u0131n y\u00f6netimindeki temel \u00e7\u00f6z\u00fcmlerden biri, tekstil at\u0131k kumbaras\u0131d\u0131r. \u015eehirlerin belli ba\u015fl\u0131 b\u00f6lgelerinde olan bu at\u0131k kumbaralar\u0131n\u0131n temel mant\u0131\u011f\u0131 ve amac\u0131 tekstil at\u0131klar\u0131n\u0131 toplamak ve tekstil at\u0131klar\u0131n\u0131n geri d\u00f6n\u00fc\u015f\u00fcm\u00fc i\u00e7in de\u011ferlendirilmesidir. Bu \u00e7\u00f6z\u00fcm \u00e7ok pratik ve etkili g\u00f6r\u00fcnse de \u00e7e\u015fitli sorunlar\u0131 da beraberinde getiriyor.&nbsp;<\/p>\n\n\n\n<p>\u00d6rne\u011fin,tekstil at\u0131klar\u0131n\u0131n geri kazan\u0131m\u0131 i\u00e7in konulan tekstil at\u0131k kumbaralar\u0131n\u0131n doluluk-bo\u015fluk veya yang\u0131n gibi beklenmedik bir durum konusunda yap\u0131lanlar konusunda \u00e7ok bir geli\u015fme yok. Hatta g\u00fcn\u00fcm\u00fcz\u00fcn dijitalle\u015fen d\u00fcnyas\u0131na uyum sa\u011flamas\u0131 gerekirken \u00e7ok geride kalan bir sistem ile i\u015fledi\u011fini g\u00f6r\u00fcyoruz.&nbsp;<\/p>\n\n\n\n<p>Tekstil at\u0131klar\u0131n\u0131n de\u011ferlendirilmesi s\u00fcrecinde g\u00fcn\u00fcm\u00fcz son teknolojisine adapte olmak \u00e7ok \u00f6nemli. \u00c7\u00fcnk\u00fc verimlilik ve pratiklik ilkeleri g\u00fcn\u00fcm\u00fcz i\u015f d\u00fcnyas\u0131n\u0131n en de\u011ferli noktalar\u0131ndan ikisidir. Bu sebeple son teknolojiye adapte olmu\u015f <a href=\"https:\/\/evreka.co\/tr\/blog\/atik-yonetimi-icin-en-iyi-yazilim-ve-donanim-cozumleri\/\" target=\"_blank\" rel=\"noreferrer noopener\"><strong>at\u0131k y\u00f6netimi \u00e7\u00f6z\u00fcmlerinden<\/strong><\/a> faydalanmak \u00e7ok \u00f6nemli. \u00d6rne\u011fin, <a href=\"https:\/\/evreka.co\/tr\/cozumler\/operasyon-yonetimi\/\" target=\"_blank\" rel=\"noreferrer noopener\"><strong>Operasyon Y\u00f6netimi<\/strong><\/a> \u00e7\u00f6z\u00fcm\u00fc ile kolayca tekstil at\u0131klar\u0131n\u0131n geri kazan\u0131m\u0131 s\u00fcrecinizi y\u00f6netebilirsiniz. Operasyon y\u00f6netimi zaman ve maddi kazan\u00e7 sa\u011flanmas\u0131na yard\u0131mc\u0131 olur. Tek bir platformdan kolayl\u0131kla <a href=\"https:\/\/evreka.co\/tr\/cozumler\/konteyner-yonetimi\/\" target=\"_blank\" rel=\"noreferrer noopener\" title=\"Konteyner Y\u00f6netimi\"><strong>Konteyner Y\u00f6netimi <\/strong><\/a>\u00a0ve <a href=\"https:\/\/evreka.co\/tr\/cozumler\/filo-yonetimi\/\" target=\"_blank\" rel=\"noreferrer noopener\">\u00a0<strong>Filo Y\u00f6netimi&#8217;ni<\/strong><\/a> verimli bir \u015fekilde s\u00fcrd\u00fcrebilirsiniz. At\u0131k y\u00f6netimindeki her t\u00fcrl\u00fc kontrol ve takibi yapabilirsiniz.\u00a0<\/p>\n\n\n\n<p>Operasyon y\u00f6netimi \u00e7\u00f6z\u00fcm\u00fcn\u00fcn en ba\u015far\u0131l\u0131 \u00f6rneklerinden biri olan K\u0131z\u0131lay\u2019\u0131 inceleyelim.<\/p>\n\n\n\n<figure class=\"wp-block-image size-full\"><img loading=\"lazy\" decoding=\"async\" width=\"1306\" height=\"1260\" src=\"https:\/\/evreka.co\/wp-content\/uploads\/2021\/11\/Calisma-yuzeyi-1-2.png\" alt=\"\" class=\"wp-image-27311\"\/><\/figure>\n\n\n\n<h2 class=\"wp-block-heading\" id=\"tekstil-atiklarinin-yonetiminde-bir-basari-hikayesi-kizilay\">Tekstil At\u0131klar\u0131n\u0131n Y\u00f6netiminde Bir Ba\u015far\u0131 Hikayesi: K\u0131z\u0131lay&nbsp;<\/h2>\n\n\n\n<p>T\u00fcrk K\u0131z\u0131lay\u0131, k\u0131sa ad\u0131yla\u00a0 K\u0131z\u0131lay uzun y\u0131llard\u0131r T\u00fcrkiye \u00e7ap\u0131nda \u00e7e\u015fitli ba\u011f\u0131\u015flarla ilgileniyor. Giysi, yiyecek gibi ba\u011f\u0131\u015flardan sorumlu olan T\u00fcrk K\u0131z\u0131lay\u0131 tekstil at\u0131klar\u0131n\u0131n y\u00f6netiminde son teknoloji<strong> <a href=\"http:\/\/www.evreka.co\" target=\"_blank\" rel=\"noreferrer noopener\" title=\"ak\u0131ll\u0131 at\u0131k takip sistemi \">ak\u0131ll\u0131 at\u0131k takip sistem<\/a><\/strong><a href=\"http:\/\/www.evreka.co\" target=\"_blank\" rel=\"noreferrer noopener\" title=\"ak\u0131ll\u0131 at\u0131k takip sistemi \">i <\/a>sunan Evreka ile en iyi \u00e7\u00f6z\u00fcm\u00fc, operasyon y\u00f6netimini kullan\u0131yor.\u00a0<\/p>\n\n\n\n<p>Evreka\u2019n\u0131n operasyon y\u00f6netimi \u00e7\u00f6z\u00fcm\u00fc ile filo y\u00f6netiminde verimlilik sa\u011fl\u0131yor. Toplam mesafede %57 azalma sa\u011flayan bu \u00e7\u00f6z\u00fcm ayn\u0131 zamanda h\u0131rs\u0131zl\u0131k sorununu da \u00e7\u00f6z\u00fcyor. Varl\u0131k y\u00f6netimindeki en b\u00fcy\u00fck sorunlardan biri olan h\u0131rs\u0131zl\u0131k sorununa kar\u015f\u0131 ak\u0131ll\u0131 sens\u00f6rler sayesinde etkili \u00e7\u00f6z\u00fcm sa\u011flayan operasyon y\u00f6netimi \u00e7\u00f6z\u00fcm\u00fc sayesinde K\u0131z\u0131lay bir y\u0131lda toplanan toplam tekstil att\u0131\u011f\u0131n\u0131 %120 ba\u015far\u0131ya katlad\u0131. Ayn\u0131 zamanda, bu etkili \u00e7\u00f6z\u00fcm\u00fcn kullan\u0131lmad\u0131\u011f\u0131 s\u00fcre\u00e7 olan ge\u00e7en seneye k\u0131yasla operasyon y\u00f6netimi \u00e7\u00f6z\u00fcm\u00fcn\u00fcn kullan\u0131m\u0131 ile ba\u015far\u0131lan g\u00f6revlerin oran\u0131 da %146 oran\u0131nda artt\u0131. Tekstil at\u0131klar\u0131n\u0131n y\u00f6netimi ve bu s\u00fcrecin dijitalle\u015fmesine uyum sa\u011flamada en b\u00fcy\u00fck ba\u015far\u0131 hikayelerinden biri olan K\u0131z\u0131lay\u2019\u0131n hikayesinin devam\u0131n\u0131 okumak isterseniz, <strong><a href=\"https:\/\/pages.evreka.co\/tr\/t%C3%BCrk-k%C4%B1z%C4%B1lay%C4%B1-ba%C5%9Far%C4%B1-hikayesi\" target=\"_blank\" rel=\"noreferrer noopener\">detaylar burada!<\/a>&nbsp;<\/strong><\/p>\n\n\n\n<figure class=\"wp-block-pullquote\"><blockquote><p>Siz de ge\u00e7 olmadan tekstil at\u0131klar\u0131n\u0131n y\u00f6netimindeki dijitalle\u015fmeye kat\u0131lmak ve en ba\u015far\u0131l\u0131lar aras\u0131nda yerinizi almak istiyorsan\u0131z, hemen <strong><a href=\"https:\/\/evreka.co\/tr\/demo-talebi\/\" target=\"_blank\" rel=\"noreferrer noopener\">ileti\u015fime ge\u00e7in ve demo talep edin!<\/a><\/strong><\/p><\/blockquote><\/figure>\n","protected":false},"excerpt":{"rendered":"<p>G\u00fcndelik hayat\u0131n yap\u0131 ta\u015flar\u0131ndan biri olan tekstil \u00fcr\u00fcnleri \u00f6z\u00fcnde \u00e7ok b\u00fcy\u00fck miktarda at\u0131k soruna neden olmaktad\u0131r. \u00d6rne\u011fin, d\u00fcnya genelinde her bir birey y\u0131lda ortalama 32 kg tekstil at\u0131\u011f\u0131 olu\u015fturuyor. Bunun yan\u0131 s\u0131ra, tekstil \u00fcr\u00fcnlerinin \u00fcretilmesinde b\u00fcy\u00fck miktarlarda su kullan\u0131m\u0131 ger\u00e7ekle\u015fiyor. Ekstra olarak tekstil \u00fcr\u00fcnlerinin \u00fcretimi s\u0131ras\u0131nda b\u00fcy\u00fck \u00f6l\u00e7\u00fcde karbon sal\u0131n\u0131m\u0131 ger\u00e7ekle\u015fiyor. Ve bu karbon sal\u0131n\u0131m\u0131 [&hellip;]<\/p>\n","protected":false},"author":31,"featured_media":27474,"comment_status":"closed","ping_status":"closed","sticky":false,"template":"","format":"standard","meta":{"content-type":"","om_disable_all_campaigns":false,"inline_featured_image":false,"_monsterinsights_skip_tracking":false,"_monsterinsights_sitenote_active":false,"_monsterinsights_sitenote_note":"","_monsterinsights_sitenote_category":0,"footnotes":""},"categories":[5],"tags":[714,260,347,1368,888,1370,1369,1371,255],"class_list":["post-27473","post","type-post","status-publish","format-standard","has-post-thumbnail","hentry","category-genel","tag-atik-ve-geri-donusum","tag-atik-yonetim-yazilimi","tag-atik-yonetimi","tag-tekstil-atik-kumbarasi","tag-tekstil-atiklari","tag-tekstil-atiklari-geri-donusum","tag-tekstil-atiklari-nelerdir","tag-tekstil-atiklari-toplama","tag-waste-management-tr"],"acf":[],"_links":{"self":[{"href":"https:\/\/evreka.co\/tr\/wp-json\/wp\/v2\/posts\/27473","targetHints":{"allow":["GET"]}}],"collection":[{"href":"https:\/\/evreka.co\/tr\/wp-json\/wp\/v2\/posts"}],"about":[{"href":"https:\/\/evreka.co\/tr\/wp-json\/wp\/v2\/types\/post"}],"author":[{"embeddable":true,"href":"https:\/\/evreka.co\/tr\/wp-json\/wp\/v2\/users\/31"}],"replies":[{"embeddable":true,"href":"https:\/\/evreka.co\/tr\/wp-json\/wp\/v2\/comments?post=27473"}],"version-history":[{"count":6,"href":"https:\/\/evreka.co\/tr\/wp-json\/wp\/v2\/posts\/27473\/revisions"}],"predecessor-version":[{"id":40565,"href":"https:\/\/evreka.co\/tr\/wp-json\/wp\/v2\/posts\/27473\/revisions\/40565"}],"wp:featuredmedia":[{"embeddable":true,"href":"https:\/\/evreka.co\/tr\/wp-json\/wp\/v2\/media\/27474"}],"wp:attachment":[{"href":"https:\/\/evreka.co\/tr\/wp-json\/wp\/v2\/media?parent=27473"}],"wp:term":[{"taxonomy":"category","embeddable":true,"href":"https:\/\/evreka.co\/tr\/wp-json\/wp\/v2\/categories?post=27473"},{"taxonomy":"post_tag","embeddable":true,"href":"https:\/\/evreka.co\/tr\/wp-json\/wp\/v2\/tags?post=27473"}],"curies":[{"name":"wp","href":"https:\/\/api.w.org\/{rel}","templated":true}]}}