{"id":11125,"date":"2021-03-25T11:19:21","date_gmt":"2021-03-25T08:19:21","guid":{"rendered":"https:\/\/evreka.co\/?post_type=news&#038;p=11125"},"modified":"2021-04-07T15:01:19","modified_gmt":"2021-04-07T12:01:19","slug":"isvecteki-yeni-is-ortakligimiz","status":"publish","type":"news","link":"https:\/\/evreka.co\/tr\/haberler\/isvecteki-yeni-is-ortakligimiz\/","title":{"rendered":"\u0130sve\u00e7&#8217;teki yeni i\u015f ortakl\u0131\u011f\u0131m\u0131z ile hizmet a\u011f\u0131m\u0131z\u0131 b\u00fcy\u00fct\u00fcyoruz."},"content":{"rendered":"\n<p>\u0130sve\u00e7\u2019teki yeni i\u015f ortakl\u0131\u011f\u0131m\u0131z\u0131 duyurmaktan gurur duyuyoruz!<\/p>\n\n\n\n<p>Evreka olarak, ileri d\u00fczey teknolojiyi kullanarak en kapsaml\u0131 at\u0131k y\u00f6netimi \u00e7\u00f6z\u00fcmlerini \u00fcretiyoruz. Global pazarda h\u0131zla b\u00fcy\u00fcmeye devam ediyoruz. Art\u0131k \u0130sve\u00e7\u2019te de var\u0131z!<\/p>\n\n\n\n<div class=\"wp-block-image\"><figure class=\"aligncenter size-medium\"><img loading=\"lazy\" decoding=\"async\" width=\"300\" height=\"300\" src=\"https:\/\/evreka.co\/wp-content\/uploads\/2021\/03\/Final-Comp-300x300.gif\" alt=\"\u0130sve\u00e7'teki yeni i\u015f ortakl\u0131\u011f\u0131m\u0131z ile hizmet a\u011f\u0131m\u0131z\u0131 b\u00fcy\u00fct\u00fcyoruz.\" class=\"wp-image-11078\" srcset=\"https:\/\/evreka.co\/wp-content\/uploads\/2021\/03\/Final-Comp-300x300.gif 300w, https:\/\/evreka.co\/wp-content\/uploads\/2021\/03\/Final-Comp-150x150.gif 150w\" sizes=\"auto, (max-width: 300px) 100vw, 300px\" \/><\/figure><\/div>\n\n\n\n<p>Evreka \u00e7\u00f6z\u00fcmlerini, daha ya\u015fanabilir bir d\u00fcnya yaratabilmek ve daha teknolojik bir at\u0131k y\u00f6netim s\u00fcreci sa\u011flayabilmek i\u00e7in k\u00fcresel \u00e7aptaki b\u00fct\u00fcn hizmet sa\u011flay\u0131c\u0131lar\u0131na ula\u015ft\u0131rma hedefindeyiz.<\/p>\n\n\n\n<p><em><strong>T\u00fcm i\u015f ortaklar\u0131m\u0131z ile birlikte!<\/strong><\/em><\/p>\n\n\n\n<p>Evreka ak\u0131ll\u0131 \u00e7\u00f6z\u00fcmleri ile, \u0130sve\u00e7\u2019teki at\u0131k y\u00f6netim s\u00fcre\u00e7lerini dijitalle\u015ftirece\u011fiz. Ortakl\u0131\u011f\u0131m\u0131z sayesinde, \u0130sve\u00e7 art\u0131k at\u0131k y\u00f6netiminde operasyonel m\u00fckemmelli\u011fe ula\u015facak.<\/p>\n","protected":false},"featured_media":11126,"template":"","news_categories":[245],"class_list":["post-11125","news","type-news","status-publish","has-post-thumbnail","hentry","news_categories-is-ortagi-duyurusu"],"acf":[],"_links":{"self":[{"href":"https:\/\/evreka.co\/tr\/wp-json\/wp\/v2\/news\/11125","targetHints":{"allow":["GET"]}}],"collection":[{"href":"https:\/\/evreka.co\/tr\/wp-json\/wp\/v2\/news"}],"about":[{"href":"https:\/\/evreka.co\/tr\/wp-json\/wp\/v2\/types\/news"}],"wp:featuredmedia":[{"embeddable":true,"href":"https:\/\/evreka.co\/tr\/wp-json\/wp\/v2\/media\/11126"}],"wp:attachment":[{"href":"https:\/\/evreka.co\/tr\/wp-json\/wp\/v2\/media?parent=11125"}],"wp:term":[{"taxonomy":"news_categories","embeddable":true,"href":"https:\/\/evreka.co\/tr\/wp-json\/wp\/v2\/news_categories?post=11125"}],"curies":[{"name":"wp","href":"https:\/\/api.w.org\/{rel}","templated":true}]}}